{"id":179323,"date":"2016-06-20T10:25:35","date_gmt":"2016-06-20T08:25:35","guid":{"rendered":"http:\/\/www.radioluna.it\/news\/?p=179323"},"modified":"2017-06-19T17:55:50","modified_gmt":"2017-06-19T15:55:50","slug":"coletta-sindaco-di-latina-sara-un-bel-viaggiare-e-lo-faremo-tutti-insieme","status":"publish","type":"post","link":"https:\/\/www.radioluna.it\/news\/2016\/06\/coletta-sindaco-di-latina-sara-un-bel-viaggiare-e-lo-faremo-tutti-insieme\/","title":{"rendered":"Coletta sindaco di Latina: &#8220;Sar\u00e0 un bel viaggiare e lo faremo tutti insieme&#8221;"},"content":{"rendered":"<div id=\"fb-root\"><\/div>\n<p><iframe loading=\"lazy\" title=\"LunaNotizie.it - Coletta la notte della vittoria\" width=\"740\" height=\"416\" src=\"https:\/\/www.youtube.com\/embed\/r7tRzvINTiE?feature=oembed\" frameborder=\"0\" allow=\"accelerometer; autoplay; clipboard-write; encrypted-media; gyroscope; picture-in-picture; web-share\" referrerpolicy=\"strict-origin-when-cross-origin\" allowfullscreen><\/iframe><\/p>\n<p style=\"text-align: justify;\"><strong>LATINA<\/strong> &#8211; Latina si \u00e8 svegliata diversa. C&#8217;\u00e8 chi dice pi\u00f9 bella. La piazza dove sono passate nella notte migliaia di persone \u00e8 uno specchio. Non una carta, un bicchiere, una bottiglia: eppure si \u00e8 brindato a spumante sotto i portici del palazzo comunale. Parte da qui il cambiamento di Damiano Coletta che rivolto ai \u00a0sostenitori presenti e non (oltre 46mila alla fine dello spoglio) dice: &#8220;Questa citt\u00e0 ha bisogno di pulizia morale e per le strade, armatevi di scopa&#8221;. \u00a0Latina \u00e8 diversa perch\u00e9 dopo anni di disinteresse e appiattimento, i cittadini \u00a0hanno ritrovato la voglia di decidere in proprio, senza tenere conto delle indicazioni dei partiti e soprattutto delle proposte giudicate evidentemente non credibili.<\/p>\n<p style=\"text-align: justify;\">Risuonano le parole pronunciate al megafono, dopo l&#8217;abbraccio con il commissario prefettizio Giacomo Barbato che lo ha atteso nella stanza del sindaco per consegnargli il testimone. Il passaggio formale avverr\u00e0 probabilmente domani, ma il lavoro \u00e8 gi\u00e0 cominciato. Anzi non si \u00e8 mai interrotto. Dopo la lunga campagna elettorale \u00a0costruita su un sogno, e sulla convinzione che il bene sia in fondo molto contagioso, Coletta \u00e8 alle prese \u00a0con la squadra di esperti che lo accompagner\u00e0: &#8220;Non abbiamo cambiali da pagare noi, non rispondiamo a chi ha portato voti, ma cerchiamo le persone pi\u00f9 competenti per il compito che ci aspetta. Chi ci ha sostenuto lo sa&#8221;. \u00a0E quando scende dal Palazzo comunale all&#8217;una di notte passata, lo attende un bagno di folla. Alle persone che lo hanno accompagnato dalla sede di Latina Bene Comune fino in Municipio, se n&#8217;\u00e8 aggiunta altra. Molta altra.<\/p>\n<p style=\"text-align: justify;\">&#8220;Abbiamo finalmente cambiato il libro, questa \u00e8 la vittoria dei cittadini che hanno trovato intorno al bene comune la loro voglia di riscatto. Siamo stati troppo a lungo umiliati, eravamo arrivati alla rassegnazione, all&#8217;indifferenza, ora abbiamo ritrovato la voglia di sorridere e la voglia di cambiamento&#8221;. Parla con il megafono, alto sulle spalle dei fedelissimi Dario Bellini e Roberto Lessio, come un allenatore di calcio portato in trionfo alla fine di un campionato, Damiano Coletta appena eletto sindaco di Latina. La gente lo interrompe gridando in coro: &#8220;Damiano! Damiano!&#8221;<\/p>\n<p style=\"text-align: justify;\">&#8220;Abbiamo scritto la storia, l&#8217;avete scritta voi cittadini &#8211; riprende Coletta &#8211; \u00a0\u00e8 la vittoria di chi sentiva il bisogno di riscattarsi. Da domani questo palazzo sar\u00e0 un po&#8217; vostro, questo libro nuovo lo scriveremo insieme perch\u00e9 \u00a0questa \u00e8 la vittoria del popolo, dei cittadini che hanno rialzato la testa. E di nuovo si leva il coro: &#8220;Abbiamo cambiato libro, cambiato libro! Damiano cambiato libro!!!&#8221;<\/p>\n<p style=\"text-align: justify;\">Lui ringrazia e riparte: Latina oggi ha ritrovato le sua libert\u00e0. sentirete parlare di bene comune perch\u00e9 questa citt\u00e0 \u00e8 di tutti noi, ce l&#8217;avevano ridotta uno straccio e adesso gli diamo una bella lucidata. &#8220;Latina Libera! Latina Libera!&#8221; intonano dalla piazza. Coletta\u00a0riprende ancora: &#8220;Da domani un pezzetto di voi sar\u00e0 lass\u00f9 (indica il Comune), ho anche capito qual \u00e8 l&#8217;ufficio del sindaco stasera, non l&#8217;avevo mai visto prima. Ora sar\u00e0 un bel viaggiare e lo faremo tutti insieme&#8221;.<\/p>\n<p style=\"text-align: justify;\">La festa continua fino a notte fonda. Nessuno ha sonno. La citt\u00e0 si \u00e8 risvegliata.<\/p>\n<div class=\"radio-posizionamento-telefono-in-articoli-dopo-il-contenuto-articolo radio-entity-placement\" id=\"radio-1163399954\"><div id=\"radio-3277439538\" style=\"width: 300px;height: 250px;\"><a href=\"https:\/\/www.icarspa.it\/auto\/usate\/latina\/\" aria-label=\"banner aprile icar new life &#8211; auto usate latina\"><img loading=\"lazy\" decoding=\"async\" src=\"https:\/\/www.radioluna.it\/news\/wp-content\/uploads\/2026\/02\/banner-aprile-icar-new-life-auto-usate-latina.gif\" alt=\"\"  width=\"300\" height=\"250\"   \/><\/a><\/div><\/div>","protected":false},"excerpt":{"rendered":"<p>LATINA &#8211; Latina si \u00e8 svegliata diversa. C&#8217;\u00e8 chi dice pi\u00f9 bella. La piazza dove sono passate nella notte migliaia di persone \u00e8 uno specchio. Non una carta, un bicchiere, una bottiglia: eppure si \u00e8 brindato a spumante sotto i portici del palazzo comunale. Parte da qui il cambiamento di Damiano Coletta che rivolto ai [&hellip;]<\/p>\n","protected":false},"author":62,"featured_media":179325,"comment_status":"open","ping_status":"closed","sticky":false,"template":"","format":"standard","meta":{"footnotes":""},"categories":[8,2312],"tags":[],"class_list":["post-179323","post","type-post","status-publish","format-standard","has-post-thumbnail","hentry","category-politica","category-video"],"_links":{"self":[{"href":"https:\/\/www.radioluna.it\/news\/wp-json\/wp\/v2\/posts\/179323","targetHints":{"allow":["GET"]}}],"collection":[{"href":"https:\/\/www.radioluna.it\/news\/wp-json\/wp\/v2\/posts"}],"about":[{"href":"https:\/\/www.radioluna.it\/news\/wp-json\/wp\/v2\/types\/post"}],"author":[{"embeddable":true,"href":"https:\/\/www.radioluna.it\/news\/wp-json\/wp\/v2\/users\/62"}],"replies":[{"embeddable":true,"href":"https:\/\/www.radioluna.it\/news\/wp-json\/wp\/v2\/comments?post=179323"}],"version-history":[{"count":0,"href":"https:\/\/www.radioluna.it\/news\/wp-json\/wp\/v2\/posts\/179323\/revisions"}],"wp:featuredmedia":[{"embeddable":true,"href":"https:\/\/www.radioluna.it\/news\/wp-json\/wp\/v2\/media\/179325"}],"wp:attachment":[{"href":"https:\/\/www.radioluna.it\/news\/wp-json\/wp\/v2\/media?parent=179323"}],"wp:term":[{"taxonomy":"category","embeddable":true,"href":"https:\/\/www.radioluna.it\/news\/wp-json\/wp\/v2\/categories?post=179323"},{"taxonomy":"post_tag","embeddable":true,"href":"https:\/\/www.radioluna.it\/news\/wp-json\/wp\/v2\/tags?post=179323"}],"curies":[{"name":"wp","href":"https:\/\/api.w.org\/{rel}","templated":true}]}}