{"id":179329,"date":"2016-06-20T11:11:46","date_gmt":"2016-06-20T09:11:46","guid":{"rendered":"http:\/\/www.radioluna.it\/news\/?p=179329"},"modified":"2016-06-20T11:32:30","modified_gmt":"2016-06-20T09:32:30","slug":"tiziano-ferro-e-il-gay-pride-latina-non-ci-saro-fisicamente-ma-sono-li","status":"publish","type":"post","link":"https:\/\/www.radioluna.it\/news\/2016\/06\/tiziano-ferro-e-il-gay-pride-latina-non-ci-saro-fisicamente-ma-sono-li\/","title":{"rendered":"Tiziano Ferro e il Gay Pride Latina: &#8220;Non ci sar\u00f2 fisicamente, ma sono l\u00ec&#8221;"},"content":{"rendered":"<div id=\"fb-root\"><\/div>\n<p style=\"text-align: justify;\"><strong><a href=\"http:\/\/www.radioluna.it\/news\/wp-content\/uploads\/2016\/06\/TIZIANO.jpg\"><img loading=\"lazy\" decoding=\"async\" class=\"aligncenter size-thumbnail wp-image-179331\" src=\"http:\/\/www.radioluna.it\/news\/wp-content\/uploads\/2016\/06\/TIZIANO-689x388.jpg\" alt=\"TIZIANO\" width=\"689\" height=\"388\" srcset=\"https:\/\/www.radioluna.it\/news\/wp-content\/uploads\/2016\/06\/TIZIANO-689x388.jpg 689w, https:\/\/www.radioluna.it\/news\/wp-content\/uploads\/2016\/06\/TIZIANO-300x169.jpg 300w, https:\/\/www.radioluna.it\/news\/wp-content\/uploads\/2016\/06\/TIZIANO-800x450.jpg 800w, https:\/\/www.radioluna.it\/news\/wp-content\/uploads\/2016\/06\/TIZIANO.jpg 960w\" sizes=\"auto, (max-width: 689px) 100vw, 689px\" \/><\/a>LATINA<\/strong> &#8211; Tiziano Ferro non sar\u00e0 presente fisicamente al Lazio Pride del 25 giugno, ma ci sar\u00e0 moralmente. Lo annuncia lui stesso sul suo profilo Fb . &#8221;\u00a0E chi ha voglia di ascoltare il mio intervento video sar\u00e0 il benvenuto&#8221;, dice il cantante di Latina.<\/p>\n<p style=\"text-align: justify;\">L&#8217;evento sar\u00e0 il primo Gay Pride a Latina. Riunir\u00e0 lesbiche, gay, bisex e trans a livello regionale. &#8220;Un evento, aperto a tutta la popolazione &#8211; dicono gli organizzatori &#8211; che vuole portare nelle province laziale i temi LGBT per sensibilizzare e combattere l\u2019omofobia.\u00a0Tra le parole d\u2019ordine della manifestazione dell\u2019orgoglio gay avremo Liberiamo Latina dalla discriminazione. Uno slogan che abbiamo lanciato in rete il 25 maggio, giorno della liberazione di Latina dal Nazi-Fascismo\u201c, concludono.<\/p>\n<div class=\"radio-posizionamento-telefono-in-articoli-dopo-il-contenuto-articolo radio-entity-placement\" id=\"radio-4143242630\"><div id=\"radio-3059232634\"><a href=\"https:\/\/grupporedi.it\/\" aria-label=\"Redi-Qr\"><img loading=\"lazy\" decoding=\"async\" src=\"https:\/\/www.radioluna.it\/news\/wp-content\/uploads\/2026\/03\/Redi-Qr.jpg\" alt=\"\"  srcset=\"https:\/\/www.radioluna.it\/news\/wp-content\/uploads\/2026\/03\/Redi-Qr.jpg 800w, https:\/\/www.radioluna.it\/news\/wp-content\/uploads\/2026\/03\/Redi-Qr-768x639.jpg 768w\" sizes=\"(max-width: 800px) 100vw, 800px\" width=\"300\" height=\"250\"   \/><\/a><\/div><\/div>","protected":false},"excerpt":{"rendered":"<p>LATINA &#8211; Tiziano Ferro non sar\u00e0 presente fisicamente al Lazio Pride del 25 giugno, ma ci sar\u00e0 moralmente. Lo annuncia lui stesso sul suo profilo Fb . &#8221;\u00a0E chi ha voglia di ascoltare il mio intervento video sar\u00e0 il benvenuto&#8221;, dice il cantante di Latina. L&#8217;evento sar\u00e0 il primo Gay Pride a Latina. Riunir\u00e0 lesbiche, [&hellip;]<\/p>\n","protected":false},"author":62,"featured_media":179331,"comment_status":"open","ping_status":"closed","sticky":false,"template":"","format":"standard","meta":{"footnotes":""},"categories":[735],"tags":[],"class_list":["post-179329","post","type-post","status-publish","format-standard","has-post-thumbnail","hentry","category-attualita"],"_links":{"self":[{"href":"https:\/\/www.radioluna.it\/news\/wp-json\/wp\/v2\/posts\/179329","targetHints":{"allow":["GET"]}}],"collection":[{"href":"https:\/\/www.radioluna.it\/news\/wp-json\/wp\/v2\/posts"}],"about":[{"href":"https:\/\/www.radioluna.it\/news\/wp-json\/wp\/v2\/types\/post"}],"author":[{"embeddable":true,"href":"https:\/\/www.radioluna.it\/news\/wp-json\/wp\/v2\/users\/62"}],"replies":[{"embeddable":true,"href":"https:\/\/www.radioluna.it\/news\/wp-json\/wp\/v2\/comments?post=179329"}],"version-history":[{"count":0,"href":"https:\/\/www.radioluna.it\/news\/wp-json\/wp\/v2\/posts\/179329\/revisions"}],"wp:featuredmedia":[{"embeddable":true,"href":"https:\/\/www.radioluna.it\/news\/wp-json\/wp\/v2\/media\/179331"}],"wp:attachment":[{"href":"https:\/\/www.radioluna.it\/news\/wp-json\/wp\/v2\/media?parent=179329"}],"wp:term":[{"taxonomy":"category","embeddable":true,"href":"https:\/\/www.radioluna.it\/news\/wp-json\/wp\/v2\/categories?post=179329"},{"taxonomy":"post_tag","embeddable":true,"href":"https:\/\/www.radioluna.it\/news\/wp-json\/wp\/v2\/tags?post=179329"}],"curies":[{"name":"wp","href":"https:\/\/api.w.org\/{rel}","templated":true}]}}