{"id":179338,"date":"2016-06-20T17:03:25","date_gmt":"2016-06-20T15:03:25","guid":{"rendered":"http:\/\/www.radioluna.it\/news\/?p=179338"},"modified":"2016-06-20T17:03:25","modified_gmt":"2016-06-20T15:03:25","slug":"marilena-sovrani-bene-coletta-centrodestra-sgangherato-con-scheletri-nellarmadio","status":"publish","type":"post","link":"https:\/\/www.radioluna.it\/news\/2016\/06\/marilena-sovrani-bene-coletta-centrodestra-sgangherato-con-scheletri-nellarmadio\/","title":{"rendered":"Marilena Sovrani: &#8220;Bene Coletta, centrodestra sgangherato con scheletri nell&#8217;armadio&#8221;"},"content":{"rendered":"<div id=\"fb-root\"><\/div>\n<p style=\"text-align: justify;\"><a href=\"http:\/\/www.radioluna.it\/news\/wp-content\/uploads\/2016\/04\/GTA0803.jpg\"><img loading=\"lazy\" decoding=\"async\" class=\"aligncenter size-thumbnail wp-image-176380\" src=\"http:\/\/www.radioluna.it\/news\/wp-content\/uploads\/2016\/04\/GTA0803-689x458.jpg\" alt=\"sovrani con lorenzin\" width=\"689\" height=\"458\" \/><\/a>LATINA &#8211; \u00a0\u201cSi respira un\u2019aria diversa oggi a Latina, ci sentiamo tutti pi\u00f9 sereni.\u201d E&#8217; il parere di Marilena Sovrani, all\u2019indomani della vittoria netta di Damiano Coletta al ballottaggio\u00a0con Nicola Calandrini.<\/p>\n<p style=\"text-align: justify;\">\u201cI cittadini di Latina che ho incontrato durante la campagna elettorale, hanno\u00a0manifestato tutti indistintamente l\u2019esigenza di dire basta ai vecchi schemi della\u00a0politica di partito &#8211; dice la candidata sindaco al primo turno per Marilena Sovrani sindaco e Latina Popolare &#8211; \u00a0Negli ultimi mesi abbiamo visto un centrodestra sgangherato che\u00a0ha tentato in tutti i modi di sopravvivere a s\u00e9 stesso e ai propri scheletri\u00a0nell\u2019armadio, ed un centrosinistra che continua a perdere il contatto con il suo\u00a0mondo di riferimento. C\u2019era voglia di normalit\u00e0, di dire basta alle false promesse e di\u00a0riappropriarsi di una citt\u00e0 abbandonata a s\u00e9 stessa per troppi anni. E lo hanno\u00a0dimostrato tutte quelle persone che domenica notte sono scese in piazza \u00a0a\u00a0festeggiare la vittoria di Damiano Coletta.\u00a0Io mi ritengo molto soddisfatta del risultato che ho ottenuto, il consenso che c\u2019\u00e8\u00a0stato verso la mia candidatura ha raggiunto una percentuale del 4,70% e il 4,25%\u00a0delle mie due liste civiche, non \u00e8 molto lontano dalle percentuali ottenute dalle liste\u00a0dei grandi partiti, mi riferisco al 9,6% di Forza Italia, al 6,01% di Fratelli d\u2019Italia, al\u00a04,08% di Noi con Salvini e, considerando anche il tempo brevissimo che abbiamo\u00a0avuto a disposizione, secondo me non \u00e8 male nemmeno se paragonato al 12,41%\u00a0ottenuto dalla lista del PD.<\/p>\n<p style=\"text-align: justify;\">Il risultato che emerge da questo ballottaggio traccia la strada di una nuova presa di\u00a0coscienza da parte dei cittadini, che hanno capito che era necessario tagliare i ponti\u00a0con il passato. Un po&#8217; quello che io ho fatto con la mia scelta di staccarmi e prendere\u00a0le distanze da un mondo in cui non mi sentivo pi\u00f9 a mio agio e che non mi\u00a0rappresentava pi\u00f9. La lista civica \u201cMarilena Sovrani Sindaco\u201d a cui si \u00e8 aggiunta\u00a0l\u2019altra civica \u201cLatina Popolare\u201d appoggiata dal Ministro Beatrice Lorenzin, sono state\u00a0il segnale che abbiamo voluto inviare al vecchio mondo politico e agli elettori che\u00a0volevamo essere protagonisti di un cambiamento e, a mio modo di vedere, il\u00a0risultato ottenuto dimostra che ho fatto bene a allontanarmi da una politica delle\u00a0ostilit\u00e0 e del tutti contro tutti.<\/p>\n<p style=\"text-align: justify;\">Per la nostra citt\u00e0 inizia una nuova era, la giornata di ieri non \u00e8 stata un punto di Arrivo, il mio percorso prosegue, oggi pi\u00f9 che mai con onest\u00e0, senso etico e\u00a0determinazione\u201d<\/p>\n<div class=\"radio-posizionamento-telefono-in-articoli-dopo-il-contenuto-articolo radio-entity-placement\" id=\"radio-1352522990\"><div id=\"radio-3973829167\"><a href=\"https:\/\/grupporedi.it\/\" aria-label=\"Redi-Qr\"><img loading=\"lazy\" decoding=\"async\" src=\"https:\/\/www.radioluna.it\/news\/wp-content\/uploads\/2026\/03\/Redi-Qr.jpg\" alt=\"\"  srcset=\"https:\/\/www.radioluna.it\/news\/wp-content\/uploads\/2026\/03\/Redi-Qr.jpg 800w, https:\/\/www.radioluna.it\/news\/wp-content\/uploads\/2026\/03\/Redi-Qr-768x639.jpg 768w\" sizes=\"(max-width: 800px) 100vw, 800px\" width=\"300\" height=\"250\"   \/><\/a><\/div><\/div>","protected":false},"excerpt":{"rendered":"<p>LATINA &#8211; \u00a0\u201cSi respira un\u2019aria diversa oggi a Latina, ci sentiamo tutti pi\u00f9 sereni.\u201d E&#8217; il parere di Marilena Sovrani, all\u2019indomani della vittoria netta di Damiano Coletta al ballottaggio\u00a0con Nicola Calandrini. \u201cI cittadini di Latina che ho incontrato durante la campagna elettorale, hanno\u00a0manifestato tutti indistintamente l\u2019esigenza di dire basta ai vecchi schemi della\u00a0politica di partito [&hellip;]<\/p>\n","protected":false},"author":62,"featured_media":0,"comment_status":"open","ping_status":"closed","sticky":false,"template":"","format":"standard","meta":{"footnotes":""},"categories":[8],"tags":[],"class_list":["post-179338","post","type-post","status-publish","format-standard","hentry","category-politica"],"_links":{"self":[{"href":"https:\/\/www.radioluna.it\/news\/wp-json\/wp\/v2\/posts\/179338","targetHints":{"allow":["GET"]}}],"collection":[{"href":"https:\/\/www.radioluna.it\/news\/wp-json\/wp\/v2\/posts"}],"about":[{"href":"https:\/\/www.radioluna.it\/news\/wp-json\/wp\/v2\/types\/post"}],"author":[{"embeddable":true,"href":"https:\/\/www.radioluna.it\/news\/wp-json\/wp\/v2\/users\/62"}],"replies":[{"embeddable":true,"href":"https:\/\/www.radioluna.it\/news\/wp-json\/wp\/v2\/comments?post=179338"}],"version-history":[{"count":0,"href":"https:\/\/www.radioluna.it\/news\/wp-json\/wp\/v2\/posts\/179338\/revisions"}],"wp:attachment":[{"href":"https:\/\/www.radioluna.it\/news\/wp-json\/wp\/v2\/media?parent=179338"}],"wp:term":[{"taxonomy":"category","embeddable":true,"href":"https:\/\/www.radioluna.it\/news\/wp-json\/wp\/v2\/categories?post=179338"},{"taxonomy":"post_tag","embeddable":true,"href":"https:\/\/www.radioluna.it\/news\/wp-json\/wp\/v2\/tags?post=179338"}],"curies":[{"name":"wp","href":"https:\/\/api.w.org\/{rel}","templated":true}]}}