{"id":179347,"date":"2016-06-20T17:52:28","date_gmt":"2016-06-20T15:52:28","guid":{"rendered":"http:\/\/www.radioluna.it\/news\/?p=179347"},"modified":"2016-06-21T14:13:50","modified_gmt":"2016-06-21T12:13:50","slug":"coletta-proclamato-sindaco-a-poche-ore-dal-voto-alle-1815-in-comune-la-cerimonia","status":"publish","type":"post","link":"https:\/\/www.radioluna.it\/news\/2016\/06\/coletta-proclamato-sindaco-a-poche-ore-dal-voto-alle-1815-in-comune-la-cerimonia\/","title":{"rendered":"Coletta proclamato sindaco a poche ore dal voto: alle 18,15 in Comune la cerimonia"},"content":{"rendered":"<div id=\"fb-root\"><\/div>\n<div id=\"attachment_179348\" style=\"width: 699px\" class=\"wp-caption aligncenter\"><a href=\"http:\/\/www.radioluna.it\/news\/wp-content\/uploads\/2016\/06\/Damiano-Silvia-Consiglieri-e-collaboratori.jpg\"><img loading=\"lazy\" decoding=\"async\" aria-describedby=\"caption-attachment-179348\" class=\"size-thumbnail wp-image-179348\" src=\"http:\/\/www.radioluna.it\/news\/wp-content\/uploads\/2016\/06\/Damiano-Silvia-Consiglieri-e-collaboratori-689x458.jpg\" alt=\"Coletta con la moglie Silvia, consiglieri e collaboratori\" width=\"689\" height=\"458\" srcset=\"https:\/\/www.radioluna.it\/news\/wp-content\/uploads\/2016\/06\/Damiano-Silvia-Consiglieri-e-collaboratori-689x458.jpg 689w, https:\/\/www.radioluna.it\/news\/wp-content\/uploads\/2016\/06\/Damiano-Silvia-Consiglieri-e-collaboratori-300x200.jpg 300w, https:\/\/www.radioluna.it\/news\/wp-content\/uploads\/2016\/06\/Damiano-Silvia-Consiglieri-e-collaboratori.jpg 800w\" sizes=\"auto, (max-width: 689px) 100vw, 689px\" \/><\/a><p id=\"caption-attachment-179348\" class=\"wp-caption-text\">Coletta con la moglie Silvia, consiglieri e collaboratori<\/p><\/div>\n<p style=\"text-align: justify;\"><strong>LATINA<\/strong> &#8211; Il bene \u00e8 contagioso, dicono a Latina Bene Comune. Lo \u00e8 anche l&#8217;emozione che genera, se le lacrime salgono agli occhi quando Damiano Coletta presenta i suoi 20 consiglieri di maggioranza. Donne e uomini che sono madri e padri, moglie, mariti, single e ragazzi. Ecco, ragazzi,: &#8220;Sono loro che mi hanno messo le ali&#8221;, assicura il neo sindaco di Latina. E sono loro a commuovere con il sorriso pulito, il coraggio, la voglia e la forza che ci hanno messo in quest&#8217;avventura, assistiti \u00a0da quel sano ottimismo che altri hanno cercato di oscurare lasciandoli ai margini delle scelte.<\/p>\n<p style=\"text-align: justify;\">Buoni solo per portare voti. Oggi invece protagonisti: Valeria Campagna, 19 anni, faccia pulita e la maturit\u00e0 da fare fra pochi giorni. O Chiara Grenga, che quasi singhiozza a pensare all&#8217;avventura che comincia. E&#8217; l&#8217;ultima ad entrare grazie al risultato plebiscitario. Ci sono poi\u00a0Dario Bellini, il pi\u00f9 votato, videomaker di 45 anni; il dirigente scolastico Antonino Leotta, l&#8217;architetta Celina Mattei, la ginecologa Loretta Isotton, il commercialista Massimo Di Trento, la radiologa Maria Grazia Ciolfi, e poi Massimiliano Colazingari, funzionario della Camera di commercio, Antonella Di Muro, insegnante e il grafico pubblicitario e inventore di musei, Fabio D&#8217;Achille. Ancora Laura Perazzotti, insegnante di musica, Paola Briganti, direttrice di banca, Eugenio Lendaro, 57 anni, docente universitario della Facolt\u00e0 di Medicina, Salvatore Antoci, pilota dell&#8217; Alitalia e la ginecologa Luisa Mobili. Ha scritto il programma il dirigente d&#8217;azienda Oliver Tassi. Per Lbc giovani fanno il loro esordio con Campagna e Grenga anche Cristina Leggio, psicologa, Francesco Giri, odontoiatra ed Emanuele Di Russo, consulente di marketing.<\/p>\n<p style=\"text-align: justify;\"><strong>IL DISCORSO<\/strong> &#8211; Prima di presentare la squadra, un lungo pacato e ordinato discorso, nonostante Coletta proceda a braccio. Ne infila una dietro l&#8217;altra: &#8220;Basta con la parola favore ora c&#8217;\u00e8 il diritto. Ognuno deve avere propria dignit\u00e0 rispettata. L&#8217;art 3 della Costituzione sar\u00e0 appeso in Comune&#8221; Poi aggiunge: &#8220;Latina \u00e8 uscita dalla logica delle buche, dei voti in cambio della strada riparata. Le strade dovranno essere in ordine e asfaltate per tutti e vedrete che la prossima campagna elettorale fra cinque anni sar\u00e0 diversa&#8221;.<\/p>\n<p style=\"text-align: justify;\">Coletta che ha ringraziato il commissario Giacomo Barbato per il lavoro svolto e per aver messo Latina &#8220;sulla strada delle regole&#8221;, ha parlato anche della squadra di governo. &#8220;So che siete impazienti di conoscerla &#8211; ha detto il candidato civico \u2013 ci stiamo lavorando, sappiate solo che abbiamo l&#8217;imbarazzo della scelta. Le persone che stiamo scegliendo fanno gi\u00e0 parte di altre esperienze amministrative o sono esperti nei loro settori, le qualit\u00e0 richieste sono competenza e libert\u00e0. Accanto agli assessori lavoreranno squadre di consiglieri esperti a titolo gratuito.<br \/>\nDa oggi questo libro possiamo scriverlo bene, la strada \u00e8 quella giusta. Io la maglia me la sono sempre sudata, lo far\u00f2 anche questa volta&#8221;.<\/p>\n<p style=\"text-align: justify;\"><strong>Non c&#8217;\u00e8 tempo di riposare per il neo sindaco proclamato eletto dall&#8217;ufficio centrale a tempo di record: oggi alle 18,15 in Comune la cerimonia del passaggio di consegne con il commissario Giacomo Barbato.<\/strong><\/p>\n<div class=\"radio-posizionamento-telefono-in-articoli-dopo-il-contenuto-articolo radio-entity-placement\" id=\"radio-1203700756\"><div id=\"radio-4008859156\"><a href=\"https:\/\/grupporedi.it\/\" aria-label=\"Redi-Qr\"><img loading=\"lazy\" decoding=\"async\" src=\"https:\/\/www.radioluna.it\/news\/wp-content\/uploads\/2026\/03\/Redi-Qr.jpg\" alt=\"\"  srcset=\"https:\/\/www.radioluna.it\/news\/wp-content\/uploads\/2026\/03\/Redi-Qr.jpg 800w, https:\/\/www.radioluna.it\/news\/wp-content\/uploads\/2026\/03\/Redi-Qr-768x639.jpg 768w\" sizes=\"(max-width: 800px) 100vw, 800px\" width=\"300\" height=\"250\"   \/><\/a><\/div><\/div>","protected":false},"excerpt":{"rendered":"<p>LATINA &#8211; Il bene \u00e8 contagioso, dicono a Latina Bene Comune. Lo \u00e8 anche l&#8217;emozione che genera, se le lacrime salgono agli occhi quando Damiano Coletta presenta i suoi 20 consiglieri di maggioranza. Donne e uomini che sono madri e padri, moglie, mariti, single e ragazzi. Ecco, ragazzi,: &#8220;Sono loro che mi hanno messo le [&hellip;]<\/p>\n","protected":false},"author":62,"featured_media":179348,"comment_status":"open","ping_status":"closed","sticky":false,"template":"","format":"standard","meta":{"footnotes":""},"categories":[8],"tags":[],"class_list":["post-179347","post","type-post","status-publish","format-standard","has-post-thumbnail","hentry","category-politica"],"_links":{"self":[{"href":"https:\/\/www.radioluna.it\/news\/wp-json\/wp\/v2\/posts\/179347","targetHints":{"allow":["GET"]}}],"collection":[{"href":"https:\/\/www.radioluna.it\/news\/wp-json\/wp\/v2\/posts"}],"about":[{"href":"https:\/\/www.radioluna.it\/news\/wp-json\/wp\/v2\/types\/post"}],"author":[{"embeddable":true,"href":"https:\/\/www.radioluna.it\/news\/wp-json\/wp\/v2\/users\/62"}],"replies":[{"embeddable":true,"href":"https:\/\/www.radioluna.it\/news\/wp-json\/wp\/v2\/comments?post=179347"}],"version-history":[{"count":0,"href":"https:\/\/www.radioluna.it\/news\/wp-json\/wp\/v2\/posts\/179347\/revisions"}],"wp:featuredmedia":[{"embeddable":true,"href":"https:\/\/www.radioluna.it\/news\/wp-json\/wp\/v2\/media\/179348"}],"wp:attachment":[{"href":"https:\/\/www.radioluna.it\/news\/wp-json\/wp\/v2\/media?parent=179347"}],"wp:term":[{"taxonomy":"category","embeddable":true,"href":"https:\/\/www.radioluna.it\/news\/wp-json\/wp\/v2\/categories?post=179347"},{"taxonomy":"post_tag","embeddable":true,"href":"https:\/\/www.radioluna.it\/news\/wp-json\/wp\/v2\/tags?post=179347"}],"curies":[{"name":"wp","href":"https:\/\/api.w.org\/{rel}","templated":true}]}}