{"id":179353,"date":"2016-06-21T08:42:52","date_gmt":"2016-06-21T06:42:52","guid":{"rendered":"http:\/\/www.radioluna.it\/news\/?p=179353"},"modified":"2016-06-21T18:26:29","modified_gmt":"2016-06-21T16:26:29","slug":"coletta-con-la-fascia-tricolore-me-la-sudero-come-quella-di-capitano-dedico-questo-risultato-ai-miei-genitori-e-a-tutti-i-cittadini","status":"publish","type":"post","link":"https:\/\/www.radioluna.it\/news\/2016\/06\/coletta-con-la-fascia-tricolore-me-la-sudero-come-quella-di-capitano-dedico-questo-risultato-ai-miei-genitori-e-a-tutti-i-cittadini\/","title":{"rendered":"Coletta con la fascia tricolore: &#8220;Me la suder\u00f2 come quella di capitano. Dedico questo risultato ai miei genitori e a tutti i cittadini&#8221;"},"content":{"rendered":"<div id=\"fb-root\"><\/div>\n<p>[flagallery gid=564]<\/p>\n<p style=\"text-align: justify;\"><strong>LATINA<\/strong> &#8211; Un passaggio di consegne formale con la firma messa su un foglio da protocollare alla presenza del Commissario prefettizio Giacomo Barbato, \u00a0del segretario generale Pasquale Incarnato e del Comandante della Polizia Municipale \u00a0Francesco Passaretti, poi una parte meno formale, la consegna della fascia tricolore e di un cornetto rosso che arriva da San Gregorio Armeno. Un portafortuna che il commissario Barbato, da buon campano rispettoso delle scaramanzie, \u00a0pensa servir\u00e0 al neo sindaco di Latina Damiano Coletta. Pochi minuti, molti sorrisi, parole commosse da parte del primo cittadino di Latina che rompe dopo 23 anni il dominio \u00a0incontrastato di un centrodestra annientato dall&#8217;incapacit\u00e0 di saper riconoscere i bisogni della collettivit\u00e0.<\/p>\n<p style=\"text-align: justify;\"><strong>&#8220;Ringrazio il commissario e le altre istituzioni che abbiamo avuto la fortuna di avere in questo momento storico della nostra citt\u00e0, mi hanno indicato la strada. Sento forte la responsabilit\u00e0 di questa fascia, ma come ho sempre fatto quando da calciatore indossavo quella di capitano, me la suder\u00f2&#8221;.\u00a0<\/strong><\/p>\n<p style=\"text-align: justify;\"><strong>ASCOLTA COLETTA<\/strong><\/p>\n<audio class=\"wp-audio-shortcode\" id=\"audio-179353-1\" preload=\"none\" style=\"width: 100%;\" controls=\"controls\"><source type=\"audio\/mpeg\" src=\"http:\/\/www.radioluna.it\/news\/wp-content\/uploads\/2016\/06\/COLETTA-PER-SITO-21-GIUGNO.mp3?_=1\" \/><a href=\"http:\/\/www.radioluna.it\/news\/wp-content\/uploads\/2016\/06\/COLETTA-PER-SITO-21-GIUGNO.mp3\">http:\/\/www.radioluna.it\/news\/wp-content\/uploads\/2016\/06\/COLETTA-PER-SITO-21-GIUGNO.mp3<\/a><\/audio>\n<p style=\"text-align: justify;\">Il neo sindaco di Latina dedica alla mamma e al pap\u00e0, lui ragioniere di Prefettura, lei maestra elementare che raggiungeva i borghi in bicicletta, la sua vittoria. &#8220;Non ci sono pi\u00f9, ma sarebbero orgogliosi di questo risultato. dedico questa vittoria anche a tutti i cittadini di Latina&#8221;<\/p>\n<audio class=\"wp-audio-shortcode\" id=\"audio-179353-2\" preload=\"none\" style=\"width: 100%;\" controls=\"controls\"><source type=\"audio\/mpeg\" src=\"http:\/\/www.radioluna.it\/news\/wp-content\/uploads\/2016\/06\/coletta-dedica-ai-genitori.mp3?_=2\" \/><a href=\"http:\/\/www.radioluna.it\/news\/wp-content\/uploads\/2016\/06\/coletta-dedica-ai-genitori.mp3\">http:\/\/www.radioluna.it\/news\/wp-content\/uploads\/2016\/06\/coletta-dedica-ai-genitori.mp3<\/a><\/audio>\n<p>Commosso il commissario Barbato che ha detto: &#8220;Oggi enti profumo di bucato della nonna&#8221;<\/p>\n<p><strong>ASCOLTA BARBATO<\/strong><\/p>\n<audio class=\"wp-audio-shortcode\" id=\"audio-179353-3\" preload=\"none\" style=\"width: 100%;\" controls=\"controls\"><source type=\"audio\/mpeg\" src=\"http:\/\/www.radioluna.it\/news\/wp-content\/uploads\/2016\/06\/BARBATO-BUCATO.mp3?_=3\" \/><a href=\"http:\/\/www.radioluna.it\/news\/wp-content\/uploads\/2016\/06\/BARBATO-BUCATO.mp3\">http:\/\/www.radioluna.it\/news\/wp-content\/uploads\/2016\/06\/BARBATO-BUCATO.mp3<\/a><\/audio>\n<p><iframe loading=\"lazy\" title=\"Lunanotizie.it -  Barbato consegna la fascia tricolore al sindaco Coletta\" width=\"740\" height=\"416\" src=\"https:\/\/www.youtube.com\/embed\/hSSGyoMhuoU?feature=oembed\" frameborder=\"0\" allow=\"accelerometer; autoplay; clipboard-write; encrypted-media; gyroscope; picture-in-picture; web-share\" referrerpolicy=\"strict-origin-when-cross-origin\" allowfullscreen><\/iframe><\/p>\n<p>&nbsp;<\/p>\n<p>&nbsp;<\/p>\n<div class=\"radio-posizionamento-telefono-in-articoli-dopo-il-contenuto-articolo radio-entity-placement\" id=\"radio-2271323971\"><div id=\"radio-319312332\"><a href=\"https:\/\/www.simeoneceramiche.com\/\" aria-label=\"SIMEONE CERAMICHE GIF animata per radioluna_Tavola disegno 1 copia 2 (online-video-cutter.com)\"><img loading=\"lazy\" decoding=\"async\" src=\"https:\/\/www.radioluna.it\/news\/wp-content\/uploads\/2025\/05\/SIMEONE-CERAMICHE-GIF-animata-per-radioluna_Tavola-disegno-1-copia-2-online-video-cutter.com_.gif\" alt=\"\"  width=\"300\" height=\"250\"   \/><\/a><\/div><\/div>","protected":false},"excerpt":{"rendered":"<p>[flagallery gid=564] LATINA &#8211; Un passaggio di consegne formale con la firma messa su un foglio da protocollare alla presenza del Commissario prefettizio Giacomo Barbato, \u00a0del segretario generale Pasquale Incarnato e del Comandante della Polizia Municipale \u00a0Francesco Passaretti, poi una parte meno formale, la consegna della fascia tricolore e di un cornetto rosso che arriva [&hellip;]<\/p>\n","protected":false},"author":62,"featured_media":179355,"comment_status":"open","ping_status":"closed","sticky":false,"template":"","format":"standard","meta":{"footnotes":""},"categories":[2310,2311,8,2312],"tags":[],"class_list":["post-179353","post","type-post","status-publish","format-standard","has-post-thumbnail","hentry","category-audio","category-foto","category-politica","category-video"],"_links":{"self":[{"href":"https:\/\/www.radioluna.it\/news\/wp-json\/wp\/v2\/posts\/179353","targetHints":{"allow":["GET"]}}],"collection":[{"href":"https:\/\/www.radioluna.it\/news\/wp-json\/wp\/v2\/posts"}],"about":[{"href":"https:\/\/www.radioluna.it\/news\/wp-json\/wp\/v2\/types\/post"}],"author":[{"embeddable":true,"href":"https:\/\/www.radioluna.it\/news\/wp-json\/wp\/v2\/users\/62"}],"replies":[{"embeddable":true,"href":"https:\/\/www.radioluna.it\/news\/wp-json\/wp\/v2\/comments?post=179353"}],"version-history":[{"count":0,"href":"https:\/\/www.radioluna.it\/news\/wp-json\/wp\/v2\/posts\/179353\/revisions"}],"wp:featuredmedia":[{"embeddable":true,"href":"https:\/\/www.radioluna.it\/news\/wp-json\/wp\/v2\/media\/179355"}],"wp:attachment":[{"href":"https:\/\/www.radioluna.it\/news\/wp-json\/wp\/v2\/media?parent=179353"}],"wp:term":[{"taxonomy":"category","embeddable":true,"href":"https:\/\/www.radioluna.it\/news\/wp-json\/wp\/v2\/categories?post=179353"},{"taxonomy":"post_tag","embeddable":true,"href":"https:\/\/www.radioluna.it\/news\/wp-json\/wp\/v2\/tags?post=179353"}],"curies":[{"name":"wp","href":"https:\/\/api.w.org\/{rel}","templated":true}]}}