{"id":179374,"date":"2016-06-22T10:23:32","date_gmt":"2016-06-22T08:23:32","guid":{"rendered":"http:\/\/www.radioluna.it\/news\/?p=179374"},"modified":"2016-06-22T18:39:41","modified_gmt":"2016-06-22T16:39:41","slug":"il-sindaco-di-latina-damiano-coletta-al-lavoro-tra-giri-istituzionali-e-squadra-di-governo","status":"publish","type":"post","link":"https:\/\/www.radioluna.it\/news\/2016\/06\/il-sindaco-di-latina-damiano-coletta-al-lavoro-tra-giri-istituzionali-e-squadra-di-governo\/","title":{"rendered":"Il sindaco di Latina Damiano Coletta al lavoro tra giri istituzionali e squadra di governo"},"content":{"rendered":"<div id=\"fb-root\"><\/div>\n<div id=\"attachment_179423\" style=\"width: 699px\" class=\"wp-caption aligncenter\"><a href=\"http:\/\/www.radioluna.it\/news\/wp-content\/uploads\/2016\/06\/con-l-presidenti-del-Tribunale-e-dellordine-degli-avvocati.jpg\"><img loading=\"lazy\" decoding=\"async\" aria-describedby=\"caption-attachment-179423\" class=\"wp-image-179423 size-thumbnail\" src=\"http:\/\/www.radioluna.it\/news\/wp-content\/uploads\/2016\/06\/con-l-presidenti-del-Tribunale-e-dellordine-degli-avvocati-689x517.jpg\" alt=\"Coletta con i presidenti del Tribunale e dell'Ordine degli Avvocati\" width=\"689\" height=\"517\" srcset=\"https:\/\/www.radioluna.it\/news\/wp-content\/uploads\/2016\/06\/con-l-presidenti-del-Tribunale-e-dellordine-degli-avvocati-689x517.jpg 689w, https:\/\/www.radioluna.it\/news\/wp-content\/uploads\/2016\/06\/con-l-presidenti-del-Tribunale-e-dellordine-degli-avvocati-300x225.jpg 300w, https:\/\/www.radioluna.it\/news\/wp-content\/uploads\/2016\/06\/con-l-presidenti-del-Tribunale-e-dellordine-degli-avvocati-1024x768.jpg 1024w, https:\/\/www.radioluna.it\/news\/wp-content\/uploads\/2016\/06\/con-l-presidenti-del-Tribunale-e-dellordine-degli-avvocati-800x600.jpg 800w, https:\/\/www.radioluna.it\/news\/wp-content\/uploads\/2016\/06\/con-l-presidenti-del-Tribunale-e-dellordine-degli-avvocati.jpg 1600w\" sizes=\"auto, (max-width: 689px) 100vw, 689px\" \/><\/a><p id=\"caption-attachment-179423\" class=\"wp-caption-text\">Coletta con i presidenti del Tribunale e dell&#8217;Ordine degli Avvocati<\/p><\/div>\n<p style=\"text-align: justify;\"><strong>LATINA &#8211;<\/strong>\u00a0Continua il giro di visite istituzionali del neo sindaco di Latina Damiano Coletta che alle 10,30 ha incotrato a Palazzo di Giustizia il \u00a0Presidente del Tribunale Catello Pandolfi \u00a0e il numero uno dell&#8217;Ordine degli avvocati Gianni Lauretti.<\/p>\n<p style=\"text-align: justify;\"><strong>ASCOLTA Coletta e Pandolfi<\/strong><\/p>\n<audio class=\"wp-audio-shortcode\" id=\"audio-179374-1\" preload=\"none\" style=\"width: 100%;\" controls=\"controls\"><source type=\"audio\/mpeg\" src=\"http:\/\/www.radioluna.it\/news\/wp-content\/uploads\/2016\/06\/coletta-pandolfi-per-sito.mp3?_=1\" \/><a href=\"http:\/\/www.radioluna.it\/news\/wp-content\/uploads\/2016\/06\/coletta-pandolfi-per-sito.mp3\">http:\/\/www.radioluna.it\/news\/wp-content\/uploads\/2016\/06\/coletta-pandolfi-per-sito.mp3<\/a><\/audio>\n<p style=\"text-align: justify;\"><strong><a href=\"http:\/\/www.radioluna.it\/news\/wp-content\/uploads\/2016\/06\/prefetto-coletta.jpg\"><img loading=\"lazy\" decoding=\"async\" class=\"aligncenter size-thumbnail wp-image-179375\" src=\"http:\/\/www.radioluna.it\/news\/wp-content\/uploads\/2016\/06\/prefetto-coletta-689x388.jpg\" alt=\"prefetto coletta\" width=\"689\" height=\"388\" \/><\/a>PRIMO GIORNO DI LAVORO<\/strong> &#8211; Ieri la visita al Prefetto di Latina, Pierluigi Faloni, accompagnato dall&#8217;ormai ex commissario straordinario del Comune Giacomo Barbato con il quale il neo sindaco si era intrattenuto oltre due ore. Un colloquio illuminante, incentrato sulle criticit\u00e0 dell&#8217;Amministrazione, i tanti nodi trovati, quelli sciolti e quelli che restano da sciogliere. Una panoramica che fornir\u00e0 anche una primissima agenda di lavoro al cardiologo del Goretti che ha formalizzato ai vertici della Asl la sua intenzione di mettersi in aspettativa. &#8220;Spero duri almeno cinque anni&#8221;, ha detto al Prefetto Pierluigi Faloni, incontrandolo alle 12,30 a Palazzo di Governo.<\/p>\n<p style=\"text-align: justify;\">\u201cFare il sindaco oggi \u00e8 una cosa non facile, spesso non si riescono a dare le risposte nei tempi che i cittadini attendono, ma il mio consiglio \u00e8 di motivare sempre, spiegare perch\u00e9 si e perch\u00e9 no. \u00a0Il mio augurio \u00e8 che si possa collaborare in perfetta sintonia per gli obiettivi da raggiungere\u201d. Coletta ha ringraziato tornando a ribadire l&#8217;importante ruolo che le istituzioni hanno avuto da quando sono state pi\u00f9 presenti sul territorio: \u201cHo la sensazione che sia proprio cambiato il vento e che anche grazie a questo si stia ricreando il senso di comunit\u00e0\u201d.<\/p>\n<p style=\"text-align: justify;\"><strong>L&#8217;ASSEMBLEA<\/strong> &#8211; Nel pomeriggio Nel corso dell&#8217;assemblea di Lbc, la prima dopo la proclamazione del sindaco, in un clima di grande entusiasmo Coletta ha spiegato che gli assessori saranno otto e che la nomina avverr\u00e0 a breve, mancano gli ultimi tasselli. &#8220;E&#8217; chiaro che qualunque nome si faccia ci sar\u00e0 sempre qualcuno al quale non star\u00e0 bene. Noi sceglieremo la squadra secondo competenza e libert\u00e0 che sono due parametri fondamentali&#8221;. L&#8217;assemblea, che si \u00e8 fatta in questi giorni anche pi\u00f9 nutrita, ha poi approvato all&#8217;unanimit\u00e0 la proposta di modifica dello statuto necessaria per una migliore organizzazione del lavoro e per garantire rapidit\u00e0 nelle decisioni.<\/p>\n<p style=\"text-align: justify;\"><strong>LO STAFF<\/strong> &#8211; Prime indiscrezioni invece su quello che sar\u00e0 il gruppo dei pi\u00f9 stretti collaboratori del sindaco che avrebbe gi\u00e0 optato per un direttore generale donna. Cos\u00ec riporta oggi Il Messaggero. Mentre il sub commissario Paolo Canaparo, sondato dal sindaco avrebbe declinato l&#8217;offerta di restare a lavoro in Comune per riprendere le sue funzioni al Ministero.<\/p>\n<p style=\"text-align: justify;\"><strong>I FIORI A PALAZZO M<\/strong>\u00a0&#8211; Intanto \u00e8 stata un successo la prima iniziativa del Movimento Latina bene Comune che ha sostenuto nella sua corsa Coletta. A Palazzo M centinaia di cittadini hanno preso parte alla piantumazione di 250 piante fiorite regalate da un donatore. Un clima di grande partecipazione che \u00e8 quella richiesta ai cittadini dal nuovo corso storico.<\/p>\n<p style=\"text-align: justify;\">In queste ore gli uffici comunali stanno notificando l&#8217;avvenuta elezione ai consiglieri comunali, ed entro il 10 luglio sar\u00e0 convocato il primo Consiglio.<\/p>\n<div class=\"radio-posizionamento-telefono-in-articoli-dopo-il-contenuto-articolo radio-entity-placement\" id=\"radio-3964798610\"><div id=\"radio-928135740\" style=\"width: 300px;height: 250px;\"><a href=\"https:\/\/www.icarspa.it\/auto\/usate\/latina\/\" aria-label=\"banner aprile icar new life &#8211; auto usate latina\"><img loading=\"lazy\" decoding=\"async\" src=\"https:\/\/www.radioluna.it\/news\/wp-content\/uploads\/2026\/02\/banner-aprile-icar-new-life-auto-usate-latina.gif\" alt=\"\"  width=\"300\" height=\"250\"   \/><\/a><\/div><\/div>","protected":false},"excerpt":{"rendered":"<p>LATINA &#8211;\u00a0Continua il giro di visite istituzionali del neo sindaco di Latina Damiano Coletta che alle 10,30 ha incotrato a Palazzo di Giustizia il \u00a0Presidente del Tribunale Catello Pandolfi \u00a0e il numero uno dell&#8217;Ordine degli avvocati Gianni Lauretti. ASCOLTA Coletta e Pandolfi PRIMO GIORNO DI LAVORO &#8211; Ieri la visita al Prefetto di Latina, Pierluigi [&hellip;]<\/p>\n","protected":false},"author":62,"featured_media":179413,"comment_status":"open","ping_status":"closed","sticky":false,"template":"","format":"standard","meta":{"footnotes":""},"categories":[2310,8],"tags":[],"class_list":["post-179374","post","type-post","status-publish","format-standard","has-post-thumbnail","hentry","category-audio","category-politica"],"_links":{"self":[{"href":"https:\/\/www.radioluna.it\/news\/wp-json\/wp\/v2\/posts\/179374","targetHints":{"allow":["GET"]}}],"collection":[{"href":"https:\/\/www.radioluna.it\/news\/wp-json\/wp\/v2\/posts"}],"about":[{"href":"https:\/\/www.radioluna.it\/news\/wp-json\/wp\/v2\/types\/post"}],"author":[{"embeddable":true,"href":"https:\/\/www.radioluna.it\/news\/wp-json\/wp\/v2\/users\/62"}],"replies":[{"embeddable":true,"href":"https:\/\/www.radioluna.it\/news\/wp-json\/wp\/v2\/comments?post=179374"}],"version-history":[{"count":0,"href":"https:\/\/www.radioluna.it\/news\/wp-json\/wp\/v2\/posts\/179374\/revisions"}],"wp:featuredmedia":[{"embeddable":true,"href":"https:\/\/www.radioluna.it\/news\/wp-json\/wp\/v2\/media\/179413"}],"wp:attachment":[{"href":"https:\/\/www.radioluna.it\/news\/wp-json\/wp\/v2\/media?parent=179374"}],"wp:term":[{"taxonomy":"category","embeddable":true,"href":"https:\/\/www.radioluna.it\/news\/wp-json\/wp\/v2\/categories?post=179374"},{"taxonomy":"post_tag","embeddable":true,"href":"https:\/\/www.radioluna.it\/news\/wp-json\/wp\/v2\/tags?post=179374"}],"curies":[{"name":"wp","href":"https:\/\/api.w.org\/{rel}","templated":true}]}}