{"id":179431,"date":"2016-06-22T13:47:48","date_gmt":"2016-06-22T11:47:48","guid":{"rendered":"http:\/\/www.radioluna.it\/news\/?p=179431"},"modified":"2016-06-22T17:37:10","modified_gmt":"2016-06-22T15:37:10","slug":"latina-enrico-forte-torna-sottovalutata-la-spinta-al-cambiamento","status":"publish","type":"post","link":"https:\/\/www.radioluna.it\/news\/2016\/06\/latina-enrico-forte-torna-sottovalutata-la-spinta-al-cambiamento\/","title":{"rendered":"Latina, Enrico Forte torna: &#8220;Sottovalutata la spinta al cambiamento&#8221;"},"content":{"rendered":"<div id=\"fb-root\"><\/div>\n<p style=\"text-align: justify;\"><strong><a href=\"http:\/\/www.radioluna.it\/news\/wp-content\/uploads\/2016\/05\/Enrico-Forte-2.jpg\"><img loading=\"lazy\" decoding=\"async\" class=\"aligncenter size-thumbnail wp-image-178475\" src=\"http:\/\/www.radioluna.it\/news\/wp-content\/uploads\/2016\/05\/Enrico-Forte-2-689x1033.jpg\" alt=\"Enrico Forte 2\" width=\"689\" height=\"1033\" srcset=\"https:\/\/www.radioluna.it\/news\/wp-content\/uploads\/2016\/05\/Enrico-Forte-2-689x1033.jpg 689w, https:\/\/www.radioluna.it\/news\/wp-content\/uploads\/2016\/05\/Enrico-Forte-2-200x300.jpg 200w, https:\/\/www.radioluna.it\/news\/wp-content\/uploads\/2016\/05\/Enrico-Forte-2-683x1024.jpg 683w, https:\/\/www.radioluna.it\/news\/wp-content\/uploads\/2016\/05\/Enrico-Forte-2-800x1199.jpg 800w, https:\/\/www.radioluna.it\/news\/wp-content\/uploads\/2016\/05\/Enrico-Forte-2-300x450.jpg 300w, https:\/\/www.radioluna.it\/news\/wp-content\/uploads\/2016\/05\/Enrico-Forte-2.jpg 854w\" sizes=\"auto, (max-width: 689px) 100vw, 689px\" \/><\/a>LATINA<\/strong> &#8211; Si era eclissato dopo la cocente sconfitta elettorale che lo ha visto passare dalla posizione di candidato favorito alla vittoria alle amministrative di Latina, a quella di sconfitto al primo turno. Dieci giorni per riflettere, lontano da Latina, su quanto accaduto e oggi il gi\u00e0 candidato del Pd Enrico Forte, consigliere regionale e comunale di Latina, ha preso carta e penna per dire: &#8220;Sono io il primo responsabile della sconfitta, ma questo non assolve quanti, oggi, cercano alibi al di fuori della propria condotta.\u00a0Sottovalutata la spinta al cambiamento. A Damiano Coletta gli auguri di buon lavoro sicuro che sapr\u00e0 essere il sindaco di tutti i latinensi&#8221;. La sua nota.<\/p>\n<p style=\"text-align: justify;\"><strong>di Enrico Forte\u00a0<\/strong><\/p>\n<p style=\"text-align: justify;\"><i>Seppur a giochi fermi, anche le analisi del giorno dopo si prestano a non poche insidie: chi perde tende a cercare giustificazioni e a non offrire soluzioni e proposte. Prover\u00f2 a non cadere in questa trappola.\u00a0<\/i><\/p>\n<p style=\"text-align: justify;\"><i>E\u2019 evidente che sono il primo responsabile della sconfitta, ma questo non pu\u00f2 assolvere nessuno di quanti, oggi, cercano alibi al di fuori della propria condotta.<\/i><\/p>\n<p style=\"text-align: justify;\"><i>L\u2019esito del voto a Latina racconta in maniera evidente che \u00e8 stata sottovaluta la spinta al cambiamento, non \u00e8 stata interpretata dai partiti (tutti, nessuno escluso) che si sono riscoperti fragili e inadeguati a questo momento. E la reazione a questa estraneit\u00e0 \u00e8 stato un vero e proprio plebiscito che ha travolto le liturgie, i giochi di potere, le stanche riflessioni su una comunit\u00e0 da cambiare, mentre il cambiamento era in atto. Anzi gi\u00e0 avvenuto. Bastava guardarsi un poco intorno per capirlo meglio, e assecondare<\/i><b><i>\u00a0 &#8211; senza cedere all\u2019istinto &#8211;\u00a0 quel sentimento di rivalsa <\/i><\/b><i>contro la politica\u00a0 che ha gi\u00e0 due esempi lampanti nel nord della provincia, con Aprilia e con Cisterna. A questi comuni \u00abcivici\u00bb si aggiunge ora anche Latina: un tassello non da poco. Tre comuni importantissimi per la loro storia, per la loro posizione strategica e per conformazione del tessuto economico rappresentano, tutti insieme, circa la met\u00e0 della popolazione provinciale (228mila abitanti): realt\u00e0 in cui la domanda di politica, forse perch\u00e8 l\u2019offerta non \u00e8 adeguata alle esigenze, si \u00e8 rivolta ad istanze civiche.<\/i><\/p>\n<p style=\"text-align: justify;\"><i>L\u2019esito elettorale ci impone di ricostruire un rapporto profondo con la societ\u00e0 e con la citt\u00e0 di Latina che continua a vivere nelle sue contraddizioni di sempre: ce lo dicono i dati del primo turno, dove le liste di centrodestra raccoglievano ancora la maggioranza dei consensi e un partito democratico in difficolt\u00e0 rappresenta ancora la prima forza politica cittadina e, inoltre,\u00a0la lista \u2019Enrico Forte sindaco\u2019 in neanche un mese, raccoglie quasi l\u20198% dei consensi. Un dato straordinario, quest\u2019ultimo, da cui voglio ripartire con uomini, donne e giovani che si sono riconosciuti nel programma elettorale che sar\u00e0 comunque il punto di riferimento nel dare un contributo all\u2019amministrazione civica, che presto\u00a0 &#8211; sperando non venga meno l\u2019entusiasmo iniziale &#8211; impatter\u00e0 inevitabilmente su scelte pratiche in grado di intaccare anche i pi\u00f9 nobili propositi elettorali. La mia idea di citt\u00e0, ci\u00f2 che pensavo necessario fare non \u00e8 cambiato dopo la sconfitta.<\/i><\/p>\n<p style=\"text-align: justify;\"><i>Non avere avuto accesso al secondo turno, partendo da favorito, \u00e8 stato &#8211; ritengo &#8211; un colpo inatteso per molti oltre che per il sottoscritto.<\/i><\/p>\n<p style=\"text-align: justify;\"><i>Mi ero ripromesso di non cercare colpevoli anche perch\u00e8 da alcune dichiarazioni del post voto e dagli atteggiamenti tenuti da alcuni, non c\u2019\u00e8 bisogno di fare processi:\u00a0 ne ha perso, alla fine,\u00a0 quella citt\u00e0 che poteva inserirsi in un percorso istituzionale in cui avrebbe avuto un ruolo da subito. Ora aspetteremo, dando comunque il nostro contributo.<\/i><\/p>\n<p style=\"text-align: justify;\"><i>Da questa esperienza si deve prendere atto che la battaglia pi\u00f9 importante, comunque, il Pd l\u2019ha persa e se si vuole ricostruire dovranno essere messi da parte tutti i rancori. Fermo restando che chi ha solo a cuore il proprio tornaconto personale pu\u00f2 tranquillamente starsene a casa. Non si deve ripartire solo dagli organismi dirigenziali, ma dalla militanza, dalla costruzione di un nuovo terreno inclusivo, fuori dalle stanze del partito. Altrimenti le cose cambiano, i cittadini porteranno sempre pi\u00f9 la politica ai margini e si costruir\u00e0 un\u2019autarchia che potrebbe essere pi\u00f9 pericolosa di un politica antiquata ed assente.<\/i><\/p>\n<p style=\"text-align: justify;\"><i>Le liturgie devono andare in secondo piano, parlare a noi stessi ha sortito gli esiti che tutti possono vedere: un partito virtuale produce risultati effimeri quando non fa danni.\u00a0<\/i><\/p>\n<p style=\"text-align: justify;\"><i>Il mio impegno a costruire, fuori e dentro il Pd, c\u2019era ed \u00e8 pi\u00f9 forte anche dopo la sconfitta.<\/i><\/p>\n<p style=\"text-align: justify;\"><i>Infine auguri di buon lavoro a Damiano Coletta, sicuro che sapr\u00e0 essere il sindaco di tutti i latinensi.<\/i><\/p>\n<p style=\"text-align: justify;\"><strong><i>Enrico Forte<\/i><\/strong><\/p>\n<div class=\"radio-posizionamento-telefono-in-articoli-dopo-il-contenuto-articolo radio-entity-placement\" id=\"radio-3900054766\"><div id=\"radio-1896395680\" style=\"width: 300px;height: 250px;\"><a href=\"https:\/\/www.icarspa.it\/auto\/usate\/latina\/\" aria-label=\"banner aprile icar new life &#8211; auto usate latina\"><img loading=\"lazy\" decoding=\"async\" src=\"https:\/\/www.radioluna.it\/news\/wp-content\/uploads\/2026\/02\/banner-aprile-icar-new-life-auto-usate-latina.gif\" alt=\"\"  width=\"300\" height=\"250\"   \/><\/a><\/div><\/div>","protected":false},"excerpt":{"rendered":"<p>LATINA &#8211; Si era eclissato dopo la cocente sconfitta elettorale che lo ha visto passare dalla posizione di candidato favorito alla vittoria alle amministrative di Latina, a quella di sconfitto al primo turno. Dieci giorni per riflettere, lontano da Latina, su quanto accaduto e oggi il gi\u00e0 candidato del Pd Enrico Forte, consigliere regionale e [&hellip;]<\/p>\n","protected":false},"author":62,"featured_media":178475,"comment_status":"open","ping_status":"closed","sticky":false,"template":"","format":"standard","meta":{"footnotes":""},"categories":[8],"tags":[],"class_list":["post-179431","post","type-post","status-publish","format-standard","has-post-thumbnail","hentry","category-politica"],"_links":{"self":[{"href":"https:\/\/www.radioluna.it\/news\/wp-json\/wp\/v2\/posts\/179431","targetHints":{"allow":["GET"]}}],"collection":[{"href":"https:\/\/www.radioluna.it\/news\/wp-json\/wp\/v2\/posts"}],"about":[{"href":"https:\/\/www.radioluna.it\/news\/wp-json\/wp\/v2\/types\/post"}],"author":[{"embeddable":true,"href":"https:\/\/www.radioluna.it\/news\/wp-json\/wp\/v2\/users\/62"}],"replies":[{"embeddable":true,"href":"https:\/\/www.radioluna.it\/news\/wp-json\/wp\/v2\/comments?post=179431"}],"version-history":[{"count":0,"href":"https:\/\/www.radioluna.it\/news\/wp-json\/wp\/v2\/posts\/179431\/revisions"}],"wp:featuredmedia":[{"embeddable":true,"href":"https:\/\/www.radioluna.it\/news\/wp-json\/wp\/v2\/media\/178475"}],"wp:attachment":[{"href":"https:\/\/www.radioluna.it\/news\/wp-json\/wp\/v2\/media?parent=179431"}],"wp:term":[{"taxonomy":"category","embeddable":true,"href":"https:\/\/www.radioluna.it\/news\/wp-json\/wp\/v2\/categories?post=179431"},{"taxonomy":"post_tag","embeddable":true,"href":"https:\/\/www.radioluna.it\/news\/wp-json\/wp\/v2\/tags?post=179431"}],"curies":[{"name":"wp","href":"https:\/\/api.w.org\/{rel}","templated":true}]}}