{"id":179519,"date":"2016-06-24T23:36:28","date_gmt":"2016-06-24T21:36:28","guid":{"rendered":"http:\/\/www.radioluna.it\/news\/?p=179519"},"modified":"2016-06-25T07:16:04","modified_gmt":"2016-06-25T05:16:04","slug":"terracina-camion-fuori-strada-muore-un-uomo","status":"publish","type":"post","link":"https:\/\/www.radioluna.it\/news\/2016\/06\/terracina-camion-fuori-strada-muore-un-uomo\/","title":{"rendered":"Terracina, camion fuori strada muore un uomo"},"content":{"rendered":"<div id=\"fb-root\"><\/div>\n<p><a href=\"http:\/\/www.radioluna.it\/news\/wp-content\/uploads\/2016\/06\/vvff5.jpg\"><img loading=\"lazy\" decoding=\"async\" class=\"aligncenter size-thumbnail wp-image-179523\" src=\"http:\/\/www.radioluna.it\/news\/wp-content\/uploads\/2016\/06\/vvff5-689x409.jpg\" alt=\"vvff\" width=\"689\" height=\"409\" \/><\/a><\/p>\n<p style=\"text-align: justify;\"><strong>LATINA<\/strong> &#8211; Tragedia oggi pomeriggio a Terracina. Un camionista straniero della Slovacchia di 35 anni, \u00e8 morto in un incidente stradale avvenuto allo svincolo tra l&#8217;Appia e la Pontina a poca distanza dall&#8217;ospedale Fiorni In base ai primi riscontri il mezzo si \u00e8 adagiato su un fianco e il conducente \u00e8 morto sul colpo dopo che la cabina \u00e8 stata schiacciata dal peso del trasporto.\u00a0 Sul luogo dell&#8217;incidente sono intervenuti i vigili del fuoco e la polizia stradale.<\/p>\n","protected":false},"excerpt":{"rendered":"<p>LATINA &#8211; Tragedia oggi pomeriggio a Terracina. Un camionista straniero della Slovacchia di 35 anni, \u00e8 morto in un incidente stradale avvenuto allo svincolo tra l&#8217;Appia e la Pontina a poca distanza dall&#8217;ospedale Fiorni In base ai primi riscontri il mezzo si \u00e8 adagiato su un fianco e il conducente \u00e8 morto sul colpo dopo [&hellip;]<\/p>\n","protected":false},"author":60,"featured_media":0,"comment_status":"open","ping_status":"closed","sticky":false,"template":"","format":"standard","meta":{"footnotes":""},"categories":[7],"tags":[],"class_list":["post-179519","post","type-post","status-publish","format-standard","hentry","category-cronaca"],"_links":{"self":[{"href":"https:\/\/www.radioluna.it\/news\/wp-json\/wp\/v2\/posts\/179519","targetHints":{"allow":["GET"]}}],"collection":[{"href":"https:\/\/www.radioluna.it\/news\/wp-json\/wp\/v2\/posts"}],"about":[{"href":"https:\/\/www.radioluna.it\/news\/wp-json\/wp\/v2\/types\/post"}],"author":[{"embeddable":true,"href":"https:\/\/www.radioluna.it\/news\/wp-json\/wp\/v2\/users\/60"}],"replies":[{"embeddable":true,"href":"https:\/\/www.radioluna.it\/news\/wp-json\/wp\/v2\/comments?post=179519"}],"version-history":[{"count":0,"href":"https:\/\/www.radioluna.it\/news\/wp-json\/wp\/v2\/posts\/179519\/revisions"}],"wp:attachment":[{"href":"https:\/\/www.radioluna.it\/news\/wp-json\/wp\/v2\/media?parent=179519"}],"wp:term":[{"taxonomy":"category","embeddable":true,"href":"https:\/\/www.radioluna.it\/news\/wp-json\/wp\/v2\/categories?post=179519"},{"taxonomy":"post_tag","embeddable":true,"href":"https:\/\/www.radioluna.it\/news\/wp-json\/wp\/v2\/tags?post=179519"}],"curies":[{"name":"wp","href":"https:\/\/api.w.org\/{rel}","templated":true}]}}