{"id":179563,"date":"2016-06-27T09:35:42","date_gmt":"2016-06-27T07:35:42","guid":{"rendered":"http:\/\/www.radioluna.it\/news\/?p=179563"},"modified":"2016-06-27T09:47:09","modified_gmt":"2016-06-27T07:47:09","slug":"incidente-sulla-litoranea-gravissima-una-donna","status":"publish","type":"post","link":"https:\/\/www.radioluna.it\/news\/2016\/06\/incidente-sulla-litoranea-gravissima-una-donna\/","title":{"rendered":"Incidente sulla Litoranea, gravissima una donna"},"content":{"rendered":"<div id=\"fb-root\"><\/div>\n<p style=\"text-align: justify;\"><a href=\"http:\/\/www.radioluna.it\/news\/wp-content\/uploads\/2016\/02\/ambulanza.jpg\"><img loading=\"lazy\" decoding=\"async\" class=\"aligncenter size-full wp-image-173569\" src=\"http:\/\/www.radioluna.it\/news\/wp-content\/uploads\/2016\/02\/ambulanza.jpg\" alt=\"ambulanza\" width=\"450\" height=\"283\" srcset=\"https:\/\/www.radioluna.it\/news\/wp-content\/uploads\/2016\/02\/ambulanza.jpg 450w, https:\/\/www.radioluna.it\/news\/wp-content\/uploads\/2016\/02\/ambulanza-300x189.jpg 300w\" sizes=\"auto, (max-width: 450px) 100vw, 450px\" \/><\/a><\/p>\n<p style=\"text-align: justify;\">LATINA-\u00a0<span style=\"color: #414141;\"><span style=\"font-family: 'Times New Roman', serif;\"><span style=\"font-size: medium;\">E&#8217; di quindici persone ferite il bilancio di quattro diversi incidenti stradali avvenuti ieri nel giro di poche ore tra Latina, Pontinia, Sabaudia e Terracina. Il pi\u00f9 grave nel capoluogo con una donna di 33 anni di origine moldava in fin di vita e ricoverata al Santa Maria Goretti. Lo scontro \u00e8 avvenuto tra via Casilina Sud e via del Lido, la Citroen C3 condotta dalla donna in fase di sorpasso e per evitare uno scooter \u00e8 finita contro un albero. A Terracina all&#8217;alba di ieri invece sei giovani sono stati coinvolti in un incidente a causa di uno scontro tra due auto: una Audi A3 e una Fiat Panda. Ieri pomeriggio invece sempre sulla Litoranea all&#8217;altezza di Sabaudia, \u00a0una Fiat Punto con a bordo cinque indiani \u00e8 entrata in collisione con una Ford condotta da un uomo di Roma. A Pontinia infine sulla Migliara 47 un motociclista \u00e8 rimasto ferito in uno scontro con un&#8217;auto ed \u00e8 stato trasportato in ospedale in codice rosso, fortunatamente non \u00e8 in pericolo di vita. <\/span><\/span><\/span><\/p>\n","protected":false},"excerpt":{"rendered":"<p>LATINA-\u00a0E&#8217; di quindici persone ferite il bilancio di quattro diversi incidenti stradali avvenuti ieri nel giro di poche ore tra Latina, Pontinia, Sabaudia e Terracina. Il pi\u00f9 grave nel capoluogo con una donna di 33 anni di origine moldava in fin di vita e ricoverata al Santa Maria Goretti. Lo scontro \u00e8 avvenuto tra via [&hellip;]<\/p>\n","protected":false},"author":60,"featured_media":173569,"comment_status":"open","ping_status":"closed","sticky":false,"template":"","format":"standard","meta":{"footnotes":""},"categories":[735,7],"tags":[],"class_list":["post-179563","post","type-post","status-publish","format-standard","has-post-thumbnail","hentry","category-attualita","category-cronaca"],"_links":{"self":[{"href":"https:\/\/www.radioluna.it\/news\/wp-json\/wp\/v2\/posts\/179563","targetHints":{"allow":["GET"]}}],"collection":[{"href":"https:\/\/www.radioluna.it\/news\/wp-json\/wp\/v2\/posts"}],"about":[{"href":"https:\/\/www.radioluna.it\/news\/wp-json\/wp\/v2\/types\/post"}],"author":[{"embeddable":true,"href":"https:\/\/www.radioluna.it\/news\/wp-json\/wp\/v2\/users\/60"}],"replies":[{"embeddable":true,"href":"https:\/\/www.radioluna.it\/news\/wp-json\/wp\/v2\/comments?post=179563"}],"version-history":[{"count":0,"href":"https:\/\/www.radioluna.it\/news\/wp-json\/wp\/v2\/posts\/179563\/revisions"}],"wp:featuredmedia":[{"embeddable":true,"href":"https:\/\/www.radioluna.it\/news\/wp-json\/wp\/v2\/media\/173569"}],"wp:attachment":[{"href":"https:\/\/www.radioluna.it\/news\/wp-json\/wp\/v2\/media?parent=179563"}],"wp:term":[{"taxonomy":"category","embeddable":true,"href":"https:\/\/www.radioluna.it\/news\/wp-json\/wp\/v2\/categories?post=179563"},{"taxonomy":"post_tag","embeddable":true,"href":"https:\/\/www.radioluna.it\/news\/wp-json\/wp\/v2\/tags?post=179563"}],"curies":[{"name":"wp","href":"https:\/\/api.w.org\/{rel}","templated":true}]}}