{"id":179585,"date":"2016-06-27T18:28:03","date_gmt":"2016-06-27T16:28:03","guid":{"rendered":"http:\/\/www.radioluna.it\/news\/?p=179585"},"modified":"2016-06-27T18:28:03","modified_gmt":"2016-06-27T16:28:03","slug":"unioni-civili-lincontro-dellanai","status":"publish","type":"post","link":"https:\/\/www.radioluna.it\/news\/2016\/06\/unioni-civili-lincontro-dellanai\/","title":{"rendered":"Unioni civili, l&#8217;incontro dell&#8217;Anai"},"content":{"rendered":"<div id=\"fb-root\"><\/div>\n<p style=\"text-align: justify;\"><strong><a href=\"http:\/\/www.radioluna.it\/news\/wp-content\/uploads\/2016\/06\/GianlucaCarfagna1.jpg\"><img loading=\"lazy\" decoding=\"async\" class=\"aligncenter size-full wp-image-179586\" src=\"http:\/\/www.radioluna.it\/news\/wp-content\/uploads\/2016\/06\/GianlucaCarfagna1.jpg\" alt=\"GianlucaCarfagna1\" width=\"566\" height=\"945\" \/><\/a>LATINA &#8211;<\/strong> L&#8217; ANAI (Associazione Nazionale Avvocati Italiani) &#8211; Sezione di Latina ha\u00a0organizzato per domani dalle ore 15.30 alle ore 18.30, presso\u00a0il Circolo Cittadino di Latina, un incontro di aggiornamento professionale\u00a0dal titolo: &#8220;La legge sulle unioni civili e le convivenze di fatto; aspetti\u00a0contrattualistici e profili penali&#8221;. Tra i\u00a0relatori:\u00a0l&#8217;Avv. Gianfranco Dosi, massimo esperto in materia, magistrato sino al 1992\u00a0e da allora avvocato, autore di molteplici pubblicazioni in materia di\u00a0diritto di famiglia e sulla tutela dei minori, gi\u00e0 Presidente\u00a0dell&#8217;Osservatorio nazionale sul diritto di famiglia; l&#8217;Avv. Piergiorgio\u00a0Avvisati del Foro di Latina, avvocato esperto in diritto di famiglia,\u00a0componente il comitato scientifico della ANAi- sezione di Latina,\u00a0consigliere dell&#8217;ordine e membro dell&#8217;Osservatorio nazionale sul diritto di\u00a0famiglia; l&#8217;Avv. Armando Argano, gi\u00e0 fondatore e primo Presidente della\u00a0Sezione ANAI di Latina, avvocato penalista del foro di Latina, membro del\u00a0comitato scientifico dell&#8217;Anai sezione di Latina.L&#8217;evento sar\u00e0 moderato\u00a0dall&#8217;Avv. Maria Rosaria Mozzetti, segretario dell&#8217;Anai &#8211; sezione di\u00a0Latina.Saranno altres\u00ec presenti l&#8217;Avv. Gianluca Carfagna, Presidente\u00a0dell&#8217;ANAI &#8211; Sezione di Latina ed il Presidente dell&#8217;Ordine degli Avvocati di\u00a0Latina, Avv. Giovanni Lauretti.&#8221;L&#8217; evento ha lo scopo di approfondire la\u00a0recente normativa sulle unioni civili e sulle convivenze di fatto &#8211; ha\u00a0dichiarato l&#8217;Avv. Gianluca Carfagna, Presidente ANAI, &#8211; che di recente \u00e8\u00a0stata emanata dal Parlamento attraverso la cd. legge Cirinn\u00e0. Un intervento\u00a0legislativo di forte portata non solo perch\u00e8 consente all&#8217;Italia di\u00a0riallinearsi con gli altri paesi sul tema e sui diritti civili in generale\u00a0ma anche perch\u00e8 pu\u00f2 rappresentare un nuovo campo ove gli avvocati possono, pi\u00f9 di altri, operare attraverso le loro specifiche competenze e\u00a0peculiarit\u00e0. In particolare si affronteranno i contratti di convivenza con\u00a0l&#8217;intervento autorevole dell&#8217;Avv. Dosi, massimo esperto nazionale in\u00a0materia, che offrir\u00e0 spunti pratici di operativit\u00e0, poi con l&#8217;Avv. Avvisati\u00a0si affronteranno le criticit\u00e0 che la normativa evidenzia in materia di\u00a0coppie di fatto, per poi concludere con l&#8217;Avv. Argano in tema di profili\u00a0penali. Cercheremo di offrire agli interessati un panorama ampio su quanto\u00a0disposto dai recenti interventi legislativi&#8221;.<\/p>\n","protected":false},"excerpt":{"rendered":"<p>LATINA &#8211; L&#8217; ANAI (Associazione Nazionale Avvocati Italiani) &#8211; Sezione di Latina ha\u00a0organizzato per domani dalle ore 15.30 alle ore 18.30, presso\u00a0il Circolo Cittadino di Latina, un incontro di aggiornamento professionale\u00a0dal titolo: &#8220;La legge sulle unioni civili e le convivenze di fatto; aspetti\u00a0contrattualistici e profili penali&#8221;. Tra i\u00a0relatori:\u00a0l&#8217;Avv. Gianfranco Dosi, massimo esperto in materia, magistrato [&hellip;]<\/p>\n","protected":false},"author":60,"featured_media":0,"comment_status":"open","ping_status":"closed","sticky":false,"template":"","format":"standard","meta":{"footnotes":""},"categories":[16],"tags":[],"class_list":["post-179585","post","type-post","status-publish","format-standard","hentry","category-appuntamenti"],"_links":{"self":[{"href":"https:\/\/www.radioluna.it\/news\/wp-json\/wp\/v2\/posts\/179585","targetHints":{"allow":["GET"]}}],"collection":[{"href":"https:\/\/www.radioluna.it\/news\/wp-json\/wp\/v2\/posts"}],"about":[{"href":"https:\/\/www.radioluna.it\/news\/wp-json\/wp\/v2\/types\/post"}],"author":[{"embeddable":true,"href":"https:\/\/www.radioluna.it\/news\/wp-json\/wp\/v2\/users\/60"}],"replies":[{"embeddable":true,"href":"https:\/\/www.radioluna.it\/news\/wp-json\/wp\/v2\/comments?post=179585"}],"version-history":[{"count":0,"href":"https:\/\/www.radioluna.it\/news\/wp-json\/wp\/v2\/posts\/179585\/revisions"}],"wp:attachment":[{"href":"https:\/\/www.radioluna.it\/news\/wp-json\/wp\/v2\/media?parent=179585"}],"wp:term":[{"taxonomy":"category","embeddable":true,"href":"https:\/\/www.radioluna.it\/news\/wp-json\/wp\/v2\/categories?post=179585"},{"taxonomy":"post_tag","embeddable":true,"href":"https:\/\/www.radioluna.it\/news\/wp-json\/wp\/v2\/tags?post=179585"}],"curies":[{"name":"wp","href":"https:\/\/api.w.org\/{rel}","templated":true}]}}