{"id":179589,"date":"2016-06-27T18:42:39","date_gmt":"2016-06-27T16:42:39","guid":{"rendered":"http:\/\/www.radioluna.it\/news\/?p=179589"},"modified":"2016-06-27T18:42:39","modified_gmt":"2016-06-27T16:42:39","slug":"al-via-gli-spettacoli-dellanfiteatro-di-latina","status":"publish","type":"post","link":"https:\/\/www.radioluna.it\/news\/2016\/06\/al-via-gli-spettacoli-dellanfiteatro-di-latina\/","title":{"rendered":"Al via gli spettacoli dell&#8217;Anfiteatro di Latina"},"content":{"rendered":"<div id=\"fb-root\"><\/div>\n<p style=\"text-align: justify;\"><strong><a href=\"http:\/\/www.radioluna.it\/news\/wp-content\/uploads\/2016\/06\/Il-nastro-Locandina.jpg\"><img loading=\"lazy\" decoding=\"async\" class=\"aligncenter size-full wp-image-179590\" src=\"http:\/\/www.radioluna.it\/news\/wp-content\/uploads\/2016\/06\/Il-nastro-Locandina.jpg\" alt=\"Il nastro Locandina\" width=\"640\" height=\"960\" \/><\/a>LATINA &#8211;<\/strong> Dopo il successo del musical ispirato al romanzo di Victor Hugo \u201cI Miserabili\u201d, che ha coinvolto oltre 3.500 spettatori al Teatro Tendastrisce di Roma lo scorso 5 giugno, la Scuola d\u2019Arte L\u2019Anfiteatro di Danilo De Paola e Valeria Vallone, con la Direzione artistica di Luca Velletri, presenta una settimana interamente dedicata ai saggi di fine corso delle singole discipline di studio. Dunque si comincia mercoled\u00ec 29 giugno con la performance di tutti gli allievi dei corsi di canto, che si esibiranno, insieme ad alcuni corsi di danza, in un excursus negli oltre 20 anni di musical della scuola di viale Kennedy, una serata che quindi condurr\u00e0 lo spettatore per mano dalle atmosfere fantastiche del Il Re Leone a quelle pi\u00f9 noir di Chicago e We Will Rock you, dal \u00a0realismo del Re Sole e de I 10 comandamenti all\u2019incanto di West Side Story e Notre Dame de Paris.\u00a0Dopodich\u00e9 si lascer\u00e0 spazio ai corsi di recitazione, e si parte gioved\u00ec sera alle 20.15 con lo spettacolo dei bambini dai 6 agli 11 anni tenuto da Simona Serino, che vivranno il \u201cMeraviglioso mondo di Alice\u201d e lo renderanno ancora pi\u00f9 incantevole perch\u00e9 i 19 piccoli attori non mancheranno di ironia e tanta simpatia. Venerd\u00ec 1 luglio sar\u00e0 invece interamente dedicato ai corsi professionali tenuti \u00a0Marco Lungo, che con doppio spettacolo, alle \u00a018.00 e alle 21.00, porta in scena come debutto assoluto il suo inedito \u201cIl Nastro di Afrodite\u201d, un lavoro scritto 20 anni fa e da lui stesso diretto e allestito, rimasto nel cassetto in attesa del giusto gruppo di attori e della necessaria maturit\u00e0. Se ne consiglia infatti la visione ai maggiori di 14 anni. Sabato 2 luglio poi toccher\u00e0 alle allieve del corso avanzato di Marina Provenzano, che hanno lavorato sul personaggio e sull\u2019interpretazione, alle ore 21.00 saranno coinvolte in un singolare \u201cSpeed date\u201d, una serata speciale organizzata per incontrare\u2026chiss\u00e0, l\u2019anima gemella! I monologhi sono tratti da autori famosi, tra i quali Lorca, Checov, Giraudoux, Goldoni e Benni.<\/p>\n<p style=\"text-align: justify;\">Domenica 3 luglio si riparte ancora con il corso dei pi\u00f9 piccoli della Provenzano, allievi dai 12 ai 16 anni, che alle 17.30 daranno vita a marionette che si trasformano in veri personaggi ne \u201cIl vestito nuovo dell\u2019imperatore\u201d, la favola di H.C. Andersen, per ricordare l\u2019importante lezione di vita di dire sempre la verit\u00e0. Alle 21.00 il palco dell\u2019Auditorium sar\u00e0 invece calcato dal gruppo dei Magnattori, 14 allievi over 35 frequentanti il corso Senior, tenuto da Simona Serino, che renderanno omaggio al grande cineasta Ettore Scola, portando una riduzione teatrale della stessa Serino, del film \u201cLa cena\u201d, uno spaccato di vite comuni che si alternano in un ristorante, Il Poeta, nel quale non mancheranno ulteriori citazioni di altre famose pellicole. Luned\u00ec 4, infine, si concluder\u00e0 con i corsi intermedi di Marco Lungo, anche in questo caso con doppio spettacolo alle 18.00 e alle 21.00, che interpreteranno diversi monologhi in \u201cAmbarab\u00e0\u201d.\u00a0 All&#8217;interno di una pausa luminosa, in una stazione metropolitana, 8 persone che non si conoscono aspettano il prossimo convoglio, apparentemente aspettano soltanto&#8230;<\/p>\n<p>Non manca che mettersi comodi e godersi gli spettacoli de L\u2019Anfiteatro. Info alla segreteria della scuola 0773.605827<\/p>\n<p>&nbsp;<\/p>\n","protected":false},"excerpt":{"rendered":"<p>LATINA &#8211; Dopo il successo del musical ispirato al romanzo di Victor Hugo \u201cI Miserabili\u201d, che ha coinvolto oltre 3.500 spettatori al Teatro Tendastrisce di Roma lo scorso 5 giugno, la Scuola d\u2019Arte L\u2019Anfiteatro di Danilo De Paola e Valeria Vallone, con la Direzione artistica di Luca Velletri, presenta una settimana interamente dedicata ai saggi [&hellip;]<\/p>\n","protected":false},"author":60,"featured_media":0,"comment_status":"open","ping_status":"closed","sticky":false,"template":"","format":"standard","meta":{"footnotes":""},"categories":[16],"tags":[],"class_list":["post-179589","post","type-post","status-publish","format-standard","hentry","category-appuntamenti"],"_links":{"self":[{"href":"https:\/\/www.radioluna.it\/news\/wp-json\/wp\/v2\/posts\/179589","targetHints":{"allow":["GET"]}}],"collection":[{"href":"https:\/\/www.radioluna.it\/news\/wp-json\/wp\/v2\/posts"}],"about":[{"href":"https:\/\/www.radioluna.it\/news\/wp-json\/wp\/v2\/types\/post"}],"author":[{"embeddable":true,"href":"https:\/\/www.radioluna.it\/news\/wp-json\/wp\/v2\/users\/60"}],"replies":[{"embeddable":true,"href":"https:\/\/www.radioluna.it\/news\/wp-json\/wp\/v2\/comments?post=179589"}],"version-history":[{"count":0,"href":"https:\/\/www.radioluna.it\/news\/wp-json\/wp\/v2\/posts\/179589\/revisions"}],"wp:attachment":[{"href":"https:\/\/www.radioluna.it\/news\/wp-json\/wp\/v2\/media?parent=179589"}],"wp:term":[{"taxonomy":"category","embeddable":true,"href":"https:\/\/www.radioluna.it\/news\/wp-json\/wp\/v2\/categories?post=179589"},{"taxonomy":"post_tag","embeddable":true,"href":"https:\/\/www.radioluna.it\/news\/wp-json\/wp\/v2\/tags?post=179589"}],"curies":[{"name":"wp","href":"https:\/\/api.w.org\/{rel}","templated":true}]}}