{"id":179693,"date":"2016-06-30T11:14:11","date_gmt":"2016-06-30T09:14:11","guid":{"rendered":"http:\/\/www.radioluna.it\/news\/?p=179693"},"modified":"2016-06-30T11:14:11","modified_gmt":"2016-06-30T09:14:11","slug":"lezione-pontina-sullisola-degli-schiavi-in-senegal","status":"publish","type":"post","link":"https:\/\/www.radioluna.it\/news\/2016\/06\/lezione-pontina-sullisola-degli-schiavi-in-senegal\/","title":{"rendered":"Lezione pontina sull&#8217;Isola degli Schiavi in Senegal"},"content":{"rendered":"<div id=\"fb-root\"><\/div>\n<p style=\"text-align: justify;\"><strong><a href=\"http:\/\/www.radioluna.it\/news\/wp-content\/uploads\/2016\/06\/marco-omizzolo.jpg\"><img loading=\"lazy\" decoding=\"async\" class=\"aligncenter wp-image-179696 size-full\" src=\"http:\/\/www.radioluna.it\/news\/wp-content\/uploads\/2016\/06\/marco-omizzolo.jpg\" alt=\"marco omizzolo\" width=\"448\" height=\"448\" srcset=\"https:\/\/www.radioluna.it\/news\/wp-content\/uploads\/2016\/06\/marco-omizzolo.jpg 448w, https:\/\/www.radioluna.it\/news\/wp-content\/uploads\/2016\/06\/marco-omizzolo-300x300.jpg 300w, https:\/\/www.radioluna.it\/news\/wp-content\/uploads\/2016\/06\/marco-omizzolo-50x50.jpg 50w\" sizes=\"auto, (max-width: 448px) 100vw, 448px\" \/><\/a>LATINA<\/strong> &#8211; Porter\u00e0 la sua esperienza in Senegal, Marco Omizzolo, il sociologo di Latina direttore scientifico dell&#8217;associazione In Migrazione, memoria storica ed esperto sui temi del lavoro nelle campagne. Vicino da sempre ai braccianti agricoli indiani che vivono sul territorio pontino, terr\u00e0 un ciclo di lezioni nell&#8217;isola di Goree anche conosciuta come isola degli schiavi &#8220;perch\u00e9 \u00a0&#8211; spiega &#8211; l\u00ec venivano stipati come animali uomini, donne e bambini prima di partire per le Americhe o l&#8217; Europa per lavorare nelle piantagioni&#8221;. La Flai Cgil organizza infatti una scuola estiva e proprio Omizzolo parler\u00e0 di vecchie e nuove forme di schiavit\u00f9, in un focus sulla vicenda dei braccianti stranieri in Italia e soprattutto nel pontino. Lo abbiamo raggiunto (gioved\u00ec 30 giugno) a Fiumicino dove si stava imbarcando sul volo diretto in Africa occidentale.<\/p>\n<p style=\"text-align: justify;\"><strong>ASCOLTA<\/strong><\/p>\n<audio class=\"wp-audio-shortcode\" id=\"audio-179693-1\" preload=\"none\" style=\"width: 100%;\" controls=\"controls\"><source type=\"audio\/mpeg\" src=\"http:\/\/www.radioluna.it\/news\/wp-content\/uploads\/2016\/06\/qui-latina-per-sito2.mp3?_=1\" \/><a href=\"http:\/\/www.radioluna.it\/news\/wp-content\/uploads\/2016\/06\/qui-latina-per-sito2.mp3\">http:\/\/www.radioluna.it\/news\/wp-content\/uploads\/2016\/06\/qui-latina-per-sito2.mp3<\/a><\/audio>\n<div class=\"radio-posizionamento-telefono-in-articoli-dopo-il-contenuto-articolo radio-entity-placement\" id=\"radio-72090951\"><div id=\"radio-809985000\" style=\"width: 300px;height: 250px;\"><a href=\"https:\/\/www.icarspa.it\/auto\/usate\/latina\/\" aria-label=\"banner aprile icar new life &#8211; auto usate latina\"><img loading=\"lazy\" decoding=\"async\" src=\"https:\/\/www.radioluna.it\/news\/wp-content\/uploads\/2026\/02\/banner-aprile-icar-new-life-auto-usate-latina.gif\" alt=\"\"  width=\"300\" height=\"250\"   \/><\/a><\/div><\/div>","protected":false},"excerpt":{"rendered":"<p>LATINA &#8211; Porter\u00e0 la sua esperienza in Senegal, Marco Omizzolo, il sociologo di Latina direttore scientifico dell&#8217;associazione In Migrazione, memoria storica ed esperto sui temi del lavoro nelle campagne. Vicino da sempre ai braccianti agricoli indiani che vivono sul territorio pontino, terr\u00e0 un ciclo di lezioni nell&#8217;isola di Goree anche conosciuta come isola degli schiavi [&hellip;]<\/p>\n","protected":false},"author":62,"featured_media":179696,"comment_status":"open","ping_status":"closed","sticky":false,"template":"","format":"standard","meta":{"footnotes":""},"categories":[2310,11],"tags":[],"class_list":["post-179693","post","type-post","status-publish","format-standard","has-post-thumbnail","hentry","category-audio","category-economia"],"_links":{"self":[{"href":"https:\/\/www.radioluna.it\/news\/wp-json\/wp\/v2\/posts\/179693","targetHints":{"allow":["GET"]}}],"collection":[{"href":"https:\/\/www.radioluna.it\/news\/wp-json\/wp\/v2\/posts"}],"about":[{"href":"https:\/\/www.radioluna.it\/news\/wp-json\/wp\/v2\/types\/post"}],"author":[{"embeddable":true,"href":"https:\/\/www.radioluna.it\/news\/wp-json\/wp\/v2\/users\/62"}],"replies":[{"embeddable":true,"href":"https:\/\/www.radioluna.it\/news\/wp-json\/wp\/v2\/comments?post=179693"}],"version-history":[{"count":0,"href":"https:\/\/www.radioluna.it\/news\/wp-json\/wp\/v2\/posts\/179693\/revisions"}],"wp:featuredmedia":[{"embeddable":true,"href":"https:\/\/www.radioluna.it\/news\/wp-json\/wp\/v2\/media\/179696"}],"wp:attachment":[{"href":"https:\/\/www.radioluna.it\/news\/wp-json\/wp\/v2\/media?parent=179693"}],"wp:term":[{"taxonomy":"category","embeddable":true,"href":"https:\/\/www.radioluna.it\/news\/wp-json\/wp\/v2\/categories?post=179693"},{"taxonomy":"post_tag","embeddable":true,"href":"https:\/\/www.radioluna.it\/news\/wp-json\/wp\/v2\/tags?post=179693"}],"curies":[{"name":"wp","href":"https:\/\/api.w.org\/{rel}","templated":true}]}}