{"id":179715,"date":"2016-06-30T14:20:35","date_gmt":"2016-06-30T12:20:35","guid":{"rendered":"http:\/\/www.radioluna.it\/news\/?p=179715"},"modified":"2016-06-30T14:20:35","modified_gmt":"2016-06-30T12:20:35","slug":"i-salotti-musicali-partono-dai-queen-con-pianoforte-soprano-e-voce","status":"publish","type":"post","link":"https:\/\/www.radioluna.it\/news\/2016\/06\/i-salotti-musicali-partono-dai-queen-con-pianoforte-soprano-e-voce\/","title":{"rendered":"I Salotti Musicali partono dai Queen con pianoforte, soprano e voce"},"content":{"rendered":"<div id=\"fb-root\"><\/div>\n<div id=\"attachment_179716\" style=\"width: 699px\" class=\"wp-caption aligncenter\"><a href=\"http:\/\/www.radioluna.it\/news\/wp-content\/uploads\/2016\/06\/freddy.jpg\"><img loading=\"lazy\" decoding=\"async\" aria-describedby=\"caption-attachment-179716\" class=\"size-thumbnail wp-image-179716\" src=\"http:\/\/www.radioluna.it\/news\/wp-content\/uploads\/2016\/06\/freddy-689x460.jpg\" alt=\"Venery\" width=\"689\" height=\"460\" srcset=\"https:\/\/www.radioluna.it\/news\/wp-content\/uploads\/2016\/06\/freddy-689x460.jpg 689w, https:\/\/www.radioluna.it\/news\/wp-content\/uploads\/2016\/06\/freddy-300x200.jpg 300w, https:\/\/www.radioluna.it\/news\/wp-content\/uploads\/2016\/06\/freddy.jpg 784w\" sizes=\"auto, (max-width: 689px) 100vw, 689px\" \/><\/a><p id=\"caption-attachment-179716\" class=\"wp-caption-text\">Piero Venery<\/p><\/div>\n<p style=\"text-align: justify;\"><strong>LATINA<\/strong> &#8211; Sheer Piano Attack &#8211; A Queen Piano Tribute \u00e8 il concerto che aprir\u00e0 venerd\u00ec 1 luglio i Salotti Musicali, la rassegna concertistica organizzata dall&#8217;Associazione Eleomai. &#8220;Un\u00a0viaggio straordinario attraverso le pi\u00f9 belle musiche dei Queen, con Gabriele Baldocci al pianoforte, il soprano Barbara Lucchini \u00a0e con\u00a0la partecipazione straordinaria di Piero Venery voce dei White Queen. L&#8217;appuntamento con il mito di Freddy Mercury \u00e8 nei Giardini del Consorzio di Bonifica in Corso Matteotti.<\/p>\n<p style=\"text-align: justify;\">La serata inaugurale della terza edizione de I Salotti Musicali propone il progetto del pianista livornese allievo di Marta Argerich, che ha saputo coniugare la sua grande passione per il gruppo inglese al virtuosismo pianistico che lo contraddistingue.\u00a0L\u2019Associazione Culturale Eleomai, in collaborazione con l\u2019Associazione Culturale Tunu\u00e9Lab, ospiter\u00e0 in questo primo concerto, un gruppo di giovani allievi del corso di fumetto 2015\/2016, che realizzeranno delle \u201cvignette\u201d ispirandosi a quanto ascolteranno e vedranno dal vivo.<\/p>\n<p style=\"text-align: justify;\">\n<p style=\"text-align: justify;\">La rassegna \u00e8 realizzata da Eleomai in \u00a0collaborazione con il Consorzio di Bonifica dell\u2019Agro Pontino e Gruppo Giovani Imprenditori Unindustria Latina, con il patrocinio del Consiglio Regionale del Lazio e della Provincia di Latina<\/p>\n<p>Infoline 338 4874115<\/p>\n<p>Costo biglietto: \u20ac 15 (rid. \u20ac 10 over 65\/under 25)<br \/>\nE\u2019 previsto un abbonamento (la Vip Pass) per tutti e cinque gli spettacoli al costo di \u20ac 50<\/p>\n<p>Prevendite: Amadeus in Via Neghelli e Blu Ticket presso Latina Fiori.<br \/>\nCircuito www.boxofficelazio.it<\/p>\n<p>&nbsp;<\/p>\n","protected":false},"excerpt":{"rendered":"<p>LATINA &#8211; Sheer Piano Attack &#8211; A Queen Piano Tribute \u00e8 il concerto che aprir\u00e0 venerd\u00ec 1 luglio i Salotti Musicali, la rassegna concertistica organizzata dall&#8217;Associazione Eleomai. &#8220;Un\u00a0viaggio straordinario attraverso le pi\u00f9 belle musiche dei Queen, con Gabriele Baldocci al pianoforte, il soprano Barbara Lucchini \u00a0e con\u00a0la partecipazione straordinaria di Piero Venery voce dei White [&hellip;]<\/p>\n","protected":false},"author":60,"featured_media":179716,"comment_status":"open","ping_status":"closed","sticky":false,"template":"","format":"standard","meta":{"footnotes":""},"categories":[16],"tags":[],"class_list":["post-179715","post","type-post","status-publish","format-standard","has-post-thumbnail","hentry","category-appuntamenti"],"_links":{"self":[{"href":"https:\/\/www.radioluna.it\/news\/wp-json\/wp\/v2\/posts\/179715","targetHints":{"allow":["GET"]}}],"collection":[{"href":"https:\/\/www.radioluna.it\/news\/wp-json\/wp\/v2\/posts"}],"about":[{"href":"https:\/\/www.radioluna.it\/news\/wp-json\/wp\/v2\/types\/post"}],"author":[{"embeddable":true,"href":"https:\/\/www.radioluna.it\/news\/wp-json\/wp\/v2\/users\/60"}],"replies":[{"embeddable":true,"href":"https:\/\/www.radioluna.it\/news\/wp-json\/wp\/v2\/comments?post=179715"}],"version-history":[{"count":0,"href":"https:\/\/www.radioluna.it\/news\/wp-json\/wp\/v2\/posts\/179715\/revisions"}],"wp:featuredmedia":[{"embeddable":true,"href":"https:\/\/www.radioluna.it\/news\/wp-json\/wp\/v2\/media\/179716"}],"wp:attachment":[{"href":"https:\/\/www.radioluna.it\/news\/wp-json\/wp\/v2\/media?parent=179715"}],"wp:term":[{"taxonomy":"category","embeddable":true,"href":"https:\/\/www.radioluna.it\/news\/wp-json\/wp\/v2\/categories?post=179715"},{"taxonomy":"post_tag","embeddable":true,"href":"https:\/\/www.radioluna.it\/news\/wp-json\/wp\/v2\/tags?post=179715"}],"curies":[{"name":"wp","href":"https:\/\/api.w.org\/{rel}","templated":true}]}}