{"id":179719,"date":"2016-06-30T16:50:25","date_gmt":"2016-06-30T14:50:25","guid":{"rendered":"http:\/\/www.radioluna.it\/news\/?p=179719"},"modified":"2016-06-30T16:50:25","modified_gmt":"2016-06-30T14:50:25","slug":"terza-edizione-delle-inchieste-destate","status":"publish","type":"post","link":"https:\/\/www.radioluna.it\/news\/2016\/06\/terza-edizione-delle-inchieste-destate\/","title":{"rendered":"Terza edizione delle &#8220;Inchieste d&#8217;estate&#8221;"},"content":{"rendered":"<div id=\"fb-root\"><\/div>\n<p style=\"text-align: justify;\"><strong><a href=\"http:\/\/www.radioluna.it\/news\/wp-content\/uploads\/2016\/06\/Inchieste-destate-2015.jpg\"><img loading=\"lazy\" decoding=\"async\" class=\"aligncenter size-thumbnail wp-image-179720\" src=\"http:\/\/www.radioluna.it\/news\/wp-content\/uploads\/2016\/06\/Inchieste-destate-2015-689x460.jpg\" alt=\"Inchieste d'estate 2015\" width=\"689\" height=\"460\" \/><\/a>LATINA<\/strong> &#8211; Torna anche quest\u2019anno, in una veste del tutto nuova, Inchieste d\u2019estate, la rassegna di giornalismo della citt\u00e0 di Latina giunta ormai alla terza edizione. Organizzata da Solidarte su un\u2019idea del giornalista pontino Andrea Lucidi e con patrocinio delle Acli provinciali di Latina, quest\u2019anno la rassegna affronter\u00e0 due temi molto attuali: il 15 luglio si parler\u00e0 di emergenza casa, mentre nella seconda serata, in programma il 16 luglio, si rivivr\u00e0 la storia del campo profughi della citt\u00e0, oggi Facolt\u00e0 di economia.<br \/>\nAd ospitare la terza edizione di Inchieste d\u2019estate sar\u00e0 sempre la struttura dell\u2019hotel Miramare che, visto il successo di pubblico della seconda edizione, quest\u2019anno ha dedicato agli organizzatori la grande terrazza del Mira Vela Club di Capoportiere.<br \/>\nUn\u2019edizione, si diceva, rinnovata. Se la colonna portante rimarr\u00e0 il video giornalismo d\u2019inchiesta, quest\u2019anno ci sar\u00e0 spazio anche per l\u2019approfondimento dei temi trattati nelle video inchieste proiettate, attraverso un talk show. Ma non \u00e8 questa l\u2019unica novit\u00e0: il 15 e 16 luglio prossimi, infatti, sulla terrazza del Mira Vela club si esibiranno anche band musicali, scuole di danza e altri performer.<br \/>\n\u201cAbbiamo voluto godere appieno della splendida location che ci \u00e8 stata offerta \u2013 ha spiegato Andrea Lucidi -. Manterremo lo stile degli scorsi anni con l\u2019obiettivo di diffondere un genere giornalistico sempre meno prodotto in Italia e portando a Latina giornalisti di caratura internazionale, ma nello stesso tempo abbiamo voluto anche contornare l\u2019approfondimento con ottime degustazioni e bellissime esibizioni\u201d.<br \/>\nLa terrazza aprir\u00e0 i battenti a partire dalle ore 19: l\u2019ingresso come sempre \u00e8 gratuito ma quest\u2019anno, per chi lo vorr\u00e0, ci sar\u00e0 la possibilit\u00e0 di prenotare dei tavoli vista palco dove degustare un ricco aperitivo o una vera e propria cena preparati dagli chef della struttura alberghiera che ospita la kermesse in riva al mare.<br \/>\nRicco il programma. Nella prima serata verr\u00e0 proiettata l\u2019inchiesta Rai, realizzata dal giornalista Domenico Iannaccone, \u201cNon desiderare la roba d\u2019altri\u201d. Si tratta della versione, rimontata per l\u2019occasione, andata in onda all\u2019interno della trasmissione di Rai 3 \u201cI dieci comandamenti\u201d e che tratta il tema delle occupazioni abusive organizzate. A seguire spazio all\u2019approfondimento con il talk show \u201cRiutilizzo a fini sociali del patrimonio pubblico abbandonato, tra emergenza casa degrado\u201d a cui prenderanno parte Cristina De Luca (ex sottosegretario al Welfare ora ricercatrice Iprs), Marco Savastano (responsabile Casapound Latina), Alberto Reggiani (direttore editoriale de Il Giornale di Latina) e Daniela Novelli (direttrice di radio Lattemiele).<\/p>\n<p style=\"text-align: justify;\">Prima e dopo la proiezione si alterneranno sul palco il cantautore pontino Chiazzetta e le Pin Up Sisters (trio vocale che riarrangia in sonorit\u00e0 swing i pi\u00f9 grandi successi internazionali). Particolarmente intensa si prevede l\u2019esibizione di Serena Marangoni che verr\u00e0 accompagnata dal flauto traverso di Leonardo Vernillo i quali , tra parole e musica, inviteranno il pubblico a ragionare sul senso sociale della propriet\u00e0, grazie a famosi aforismi si Seneca e Muhammad Yunus.<br \/>\nDi rilievo anche il programma della serata conclusiva. Il momento clou si raggiunger\u00e0 con la proiezione del making of del reportage \u201cFuga per la Libert\u00e0\u201d di Emanuela Gasbarroni. Insieme all\u2019autrice dell\u2019inchiesta si ripercorreranno quattro anni di lungo lavoro attraverso immagini e interviste inedite che andranno a comporre il reportage che verr\u00e0 presentato in anteprima in un importante festival nazionale nel prossimo autunno. A seguire un interessante dibattito nel quale verranno portati alla luce i tanti tesori nascosti che possiede il territorio pontino. A rispondere alla domande del presentatore saranno Michele Catalano di Solidarte, associazione che da anni si occupa di valorizzare il patrimonio culturale locale anche attraverso l\u2019organizzazione della Biennale d?arte della citt\u00e0 di Latina all\u2019interno della quale espongono artisti provenienti da ogni parte d\u2019Europa; Matteo Coluzzi dell\u2019associazione Imago Urbis che ha presentato, tra i vari progetti, quello del museo diffuso; Saverio D\u2019Ottavi, dell\u2019associazione Fiume Cavata che ci descriver\u00e0 i tanti beni di valore artistico e storico presenti a ridosso dei corsi d\u2019acuqa navigabili della provincia; Nicola Tavoletta direttore provinciali delle Acli, ente che ha organizzato in passato progetti concreti per la valorizzazione turistica del territorio. Al dibattito parteciper\u00e0 anche Fabrizio Giona redattore del settore Cultura de Il Giornale di Latina.<br \/>\nNel corso della serata si esibiranno il trio \u201cSolemani\u201d e gli allievi del centro studi Riflessi di Danza.<\/p>\n<p style=\"text-align: justify;\">Tanti gli sponsor che hanno reso possibile questa manifestazione oltre a quelli gi\u00e0 elencati e al Giornale di Latina che ricopre anche il ruolo di media partner. Un grazie da parte di tutti gli organizzatori va quindi a Progetto Ombra, Made In Italo il Velletrano, Dolcyamo, Team Diver, Supermercato Coppetelli, Auto Grappa, Casale Corte Rossa. Tante anche le associazioni che hanno deciso di sposare il progetto: ass. Fiume Cavata, Circolo H, Il salotto delle streghe di Elisa Saltarelli, Giovani Emozioni, Cento Giovani, Progetto latina Oltre e Four Frame.<\/p>\n","protected":false},"excerpt":{"rendered":"<p>LATINA &#8211; Torna anche quest\u2019anno, in una veste del tutto nuova, Inchieste d\u2019estate, la rassegna di giornalismo della citt\u00e0 di Latina giunta ormai alla terza edizione. Organizzata da Solidarte su un\u2019idea del giornalista pontino Andrea Lucidi e con patrocinio delle Acli provinciali di Latina, quest\u2019anno la rassegna affronter\u00e0 due temi molto attuali: il 15 luglio [&hellip;]<\/p>\n","protected":false},"author":60,"featured_media":0,"comment_status":"open","ping_status":"closed","sticky":false,"template":"","format":"standard","meta":{"footnotes":""},"categories":[16],"tags":[],"class_list":["post-179719","post","type-post","status-publish","format-standard","hentry","category-appuntamenti"],"_links":{"self":[{"href":"https:\/\/www.radioluna.it\/news\/wp-json\/wp\/v2\/posts\/179719","targetHints":{"allow":["GET"]}}],"collection":[{"href":"https:\/\/www.radioluna.it\/news\/wp-json\/wp\/v2\/posts"}],"about":[{"href":"https:\/\/www.radioluna.it\/news\/wp-json\/wp\/v2\/types\/post"}],"author":[{"embeddable":true,"href":"https:\/\/www.radioluna.it\/news\/wp-json\/wp\/v2\/users\/60"}],"replies":[{"embeddable":true,"href":"https:\/\/www.radioluna.it\/news\/wp-json\/wp\/v2\/comments?post=179719"}],"version-history":[{"count":0,"href":"https:\/\/www.radioluna.it\/news\/wp-json\/wp\/v2\/posts\/179719\/revisions"}],"wp:attachment":[{"href":"https:\/\/www.radioluna.it\/news\/wp-json\/wp\/v2\/media?parent=179719"}],"wp:term":[{"taxonomy":"category","embeddable":true,"href":"https:\/\/www.radioluna.it\/news\/wp-json\/wp\/v2\/categories?post=179719"},{"taxonomy":"post_tag","embeddable":true,"href":"https:\/\/www.radioluna.it\/news\/wp-json\/wp\/v2\/tags?post=179719"}],"curies":[{"name":"wp","href":"https:\/\/api.w.org\/{rel}","templated":true}]}}