{"id":179886,"date":"2016-07-05T00:24:23","date_gmt":"2016-07-04T22:24:23","guid":{"rendered":"http:\/\/www.radioluna.it\/news\/?p=179886"},"modified":"2017-01-19T07:50:31","modified_gmt":"2017-01-19T06:50:31","slug":"microcredito-diocesano-analisi-e-bilancio","status":"publish","type":"post","link":"https:\/\/www.radioluna.it\/news\/2016\/07\/microcredito-diocesano-analisi-e-bilancio\/","title":{"rendered":"Microcredito diocesano, analisi e bilancio"},"content":{"rendered":"<div id=\"fb-root\"><\/div>\n<p style=\"text-align: justify;\"><a href=\"http:\/\/www.radioluna.it\/news\/wp-content\/uploads\/2014\/09\/facciata-con-scritta.jpg\"><img loading=\"lazy\" decoding=\"async\" class=\"aligncenter size-thumbnail wp-image-155446\" src=\"http:\/\/www.radioluna.it\/news\/wp-content\/uploads\/2014\/09\/facciata-con-scritta-635x476.jpg\" alt=\"Provincia facciata con scritta\" width=\"635\" height=\"476\" srcset=\"https:\/\/www.radioluna.it\/news\/wp-content\/uploads\/2014\/09\/facciata-con-scritta-635x476.jpg 635w, https:\/\/www.radioluna.it\/news\/wp-content\/uploads\/2014\/09\/facciata-con-scritta-768x576.jpg 768w, https:\/\/www.radioluna.it\/news\/wp-content\/uploads\/2014\/09\/facciata-con-scritta-500x375.jpg 500w, https:\/\/www.radioluna.it\/news\/wp-content\/uploads\/2014\/09\/facciata-con-scritta-300x225.jpg 300w, https:\/\/www.radioluna.it\/news\/wp-content\/uploads\/2014\/09\/facciata-con-scritta-1024x768.jpg 1024w, https:\/\/www.radioluna.it\/news\/wp-content\/uploads\/2014\/09\/facciata-con-scritta-800x600.jpg 800w, https:\/\/www.radioluna.it\/news\/wp-content\/uploads\/2014\/09\/facciata-con-scritta.jpg 1000w\" sizes=\"auto, (max-width: 635px) 100vw, 635px\" \/><\/a><\/p>\n<p style=\"text-align: justify;\">LATINA- E&#8217; tempo di bilanci dell&#8217;iniziativa promossa dlala Caritas insieme alla Provincia di Latina e alla Banca di Credito Cooperartivo per tutelare le fasce pi\u00f9 deboli attraverso un sistema che \u00e8 diventato collaudato. Il prestito a condizioni agevolate, come \u00e8 emerso ieri mattina nel corso di una conferenza stampa convocata negli uffici di via Costa, ha portato a risultati significativi nei confronti delle classi meno abbienti che non posso accedere al sistema bancario. Da aprile del 2014 ad aprile del 2016\u00a0 l&#8217;importo totale erogato \u00e8 di 52mila euro, sono stati 155 i richiedenti che hanno avuto un colloquio e infine 37 le paritche erogate in due anni per un importo massimo erogato ai richiedenti ritenuti\u00a0 idonei di 2500 euro.\u00a0 La maggior arte delle domande, ben il 70%,\u00a0 ha riguardato Latina e a seguire gi altri centri della provincia. Oltre il 60% dei richiedenti ha fatto ricorso al credito per problemi relativi alle spese di casa (tra cui affitti e caparre) il 30% per le bollette di utenze e assicurazioni auto, il 25% per contributi tasse e imposte locali, il 20% per le spese nelle scuole e il 10% per le spese sanitarie.<\/p>\n<div class=\"radio-posizionamento-telefono-in-articoli-dopo-il-contenuto-articolo radio-entity-placement\" id=\"radio-2321234586\"><div id=\"radio-2651796113\"><a href=\"https:\/\/grupporedi.it\/\" aria-label=\"Redi-Qr\"><img loading=\"lazy\" decoding=\"async\" src=\"https:\/\/www.radioluna.it\/news\/wp-content\/uploads\/2026\/03\/Redi-Qr.jpg\" alt=\"\"  srcset=\"https:\/\/www.radioluna.it\/news\/wp-content\/uploads\/2026\/03\/Redi-Qr.jpg 800w, https:\/\/www.radioluna.it\/news\/wp-content\/uploads\/2026\/03\/Redi-Qr-768x639.jpg 768w\" sizes=\"(max-width: 800px) 100vw, 800px\" width=\"300\" height=\"250\"   \/><\/a><\/div><\/div>","protected":false},"excerpt":{"rendered":"<p>LATINA- E&#8217; tempo di bilanci dell&#8217;iniziativa promossa dlala Caritas insieme alla Provincia di Latina e alla Banca di Credito Cooperartivo per tutelare le fasce pi\u00f9 deboli attraverso un sistema che \u00e8 diventato collaudato. Il prestito a condizioni agevolate, come \u00e8 emerso ieri mattina nel corso di una conferenza stampa convocata negli uffici di via Costa, [&hellip;]<\/p>\n","protected":false},"author":60,"featured_media":155446,"comment_status":"open","ping_status":"closed","sticky":false,"template":"","format":"standard","meta":{"footnotes":""},"categories":[735,11],"tags":[],"class_list":["post-179886","post","type-post","status-publish","format-standard","has-post-thumbnail","hentry","category-attualita","category-economia"],"_links":{"self":[{"href":"https:\/\/www.radioluna.it\/news\/wp-json\/wp\/v2\/posts\/179886","targetHints":{"allow":["GET"]}}],"collection":[{"href":"https:\/\/www.radioluna.it\/news\/wp-json\/wp\/v2\/posts"}],"about":[{"href":"https:\/\/www.radioluna.it\/news\/wp-json\/wp\/v2\/types\/post"}],"author":[{"embeddable":true,"href":"https:\/\/www.radioluna.it\/news\/wp-json\/wp\/v2\/users\/60"}],"replies":[{"embeddable":true,"href":"https:\/\/www.radioluna.it\/news\/wp-json\/wp\/v2\/comments?post=179886"}],"version-history":[{"count":0,"href":"https:\/\/www.radioluna.it\/news\/wp-json\/wp\/v2\/posts\/179886\/revisions"}],"wp:featuredmedia":[{"embeddable":true,"href":"https:\/\/www.radioluna.it\/news\/wp-json\/wp\/v2\/media\/155446"}],"wp:attachment":[{"href":"https:\/\/www.radioluna.it\/news\/wp-json\/wp\/v2\/media?parent=179886"}],"wp:term":[{"taxonomy":"category","embeddable":true,"href":"https:\/\/www.radioluna.it\/news\/wp-json\/wp\/v2\/categories?post=179886"},{"taxonomy":"post_tag","embeddable":true,"href":"https:\/\/www.radioluna.it\/news\/wp-json\/wp\/v2\/tags?post=179886"}],"curies":[{"name":"wp","href":"https:\/\/api.w.org\/{rel}","templated":true}]}}