{"id":179908,"date":"2016-07-05T13:11:07","date_gmt":"2016-07-05T11:11:07","guid":{"rendered":"http:\/\/www.radioluna.it\/news\/?p=179908"},"modified":"2016-07-05T13:11:07","modified_gmt":"2016-07-05T11:11:07","slug":"time-to-fashion-week-la-moda-dalla-a-alla-z","status":"publish","type":"post","link":"https:\/\/www.radioluna.it\/news\/2016\/07\/time-to-fashion-week-la-moda-dalla-a-alla-z\/","title":{"rendered":"TIME TO FASHION WEEK LA MODA DALLA A ALLA Z"},"content":{"rendered":"<div id=\"fb-root\"><\/div>\n<p style=\"text-align: justify;\"><a href=\"http:\/\/www.radioluna.it\/news\/wp-content\/uploads\/2016\/07\/ZELLETTA.jpg\"><img loading=\"lazy\" decoding=\"async\" class=\"aligncenter wp-image-179909 size-full\" src=\"http:\/\/www.radioluna.it\/news\/wp-content\/uploads\/2016\/07\/ZELLETTA.jpg\" alt=\"ZELLETTA\" width=\"323\" height=\"271\" srcset=\"https:\/\/www.radioluna.it\/news\/wp-content\/uploads\/2016\/07\/ZELLETTA.jpg 323w, https:\/\/www.radioluna.it\/news\/wp-content\/uploads\/2016\/07\/ZELLETTA-300x252.jpg 300w\" sizes=\"auto, (max-width: 323px) 100vw, 323px\" \/><\/a>LATINA &#8211;\u00a023 anni appena compiuti, originario di Taranto, Andrea si racconta con estrema semplicit\u00e0.\u00a0Anche lui reduce da un mese di giugno di lavoro intensissimo che lo ha visto impegnato sulle passerelle di Giorgio Armani, Dolce e Gabbana, Richmond e tanti altri, e al termine degli show milanesi, \u00e8 volato in Svizzera per GUESS.<br \/>\nCapello morbido, sguardo deciso e sorriso tagliente ci racconta che l\u2019incontro con la moda \u00e8 stato casuale: mentre iniziava le sua carriera calcistica, a causa di un infortunio, \u00e8 costretto ad abbandonare il pallone, decide cos\u00ec di trasferirsi a Milano dove intraprende questa nuova avventura nel mondo della moda. Scherzando ricorda che al primo casting lo rifiutarono!<\/p>\n<p style=\"text-align: justify;\">Ti \u00e8 dispiaciuto abbandonare il percorso calcistico?<br \/>\n\u2026 Ma alla fine non tutti i mali vengono per nuocere, sei uno dei modelli pi\u00f9 apprezzati dalle nostre case di moda.<br \/>\nDevo essere sincero, mi \u00e8 dispiaciuto moltissimo non poter pi\u00f9 giocare. Il calcio era la mia vita. Ma oggi posso affermare di essere pienamente soddisfatto per quanto riguarda l&#8217;ambito professionale. Il percorso \u00e8 ancora lungo, ma sono motivatissimo.<\/p>\n<p style=\"text-align: justify;\">Parliamo della Fashion Week appena trascorsa.<br \/>\nQuale stilista ti rappresenta di pi\u00f9?<br \/>\nConsigli di stile?<br \/>\nLo stilista che rispecchia i miei canoni \u00e8 senza dubbio Armani, per chi ha seguito le sfilate infatti, la collezione della prossima stagione segue delle linee molto morbide e pulite, giacche slim e pantaloni ampi. L&#8217;eleganza e la classe di Re Giorgio \u00e8 inconfondibile.<\/p>\n<p style=\"text-align: justify;\">Puoi svelarci qualcosa sulla tua trasferta a Lugano per Guess?<br \/>\nCon Guess ho avuto l&#8217;occasione di partecipare alla presentazione della nuova capsule collection collaborando con altri modelli ma in primis amici.<\/p>\n<p style=\"text-align: justify;\">Nella vita quotidiana ti definisci una vittima della moda o prediligi uno stile pi\u00f9 casual?<br \/>\nT-shirt, pantaloni e sneakers.<\/p>\n<p>Qual \u00e8 stata la soddisfazione pi\u00f9 grande in ambito lavorativo?<br \/>\nIn questo periodo lo scorso anno ti trovavi a Porto Fino per DOLCE &amp; GABBANA\u2026<br \/>\nLa soddisfazione pi\u00f9 grande \u00e8 stata in assoluto quella di sfilare per DOLCE &amp; GABBANA , e di ritrovare le mie foto negli store pi\u00f9 belli delle grandi citt\u00e0 .<\/p>\n<p>Passiamo alla sfera privata.<br \/>\nCome riesci a gestire i rapporti con amici e famiglia?<br \/>\nSono legatissimo alla mia famiglia, ho i nomi di tutti tatuati sulla pelle.<br \/>\nPer me \u00e8 molto importante averli e sentirli vicino. Purtroppo il nostro lavoro \u00e8 molto dinamico e ti &#8220;porta via&#8221; tantissimo tempo , quindi risulta difficile conciliare tutto e viverli di persona.<\/p>\n<p>Come si approcciano le donne nei tuoi confronti?<br \/>\nRicevo moltissimi messaggi.<br \/>\nCerco sempre di essere me stesso e rispondere in maniera educata &#8230;.<\/p>\n<p>Come ti definisci in amore?<br \/>\nCredi nella famiglia?<br \/>\nCome ho gi\u00e0 detto prima credo molto nella famiglia e nell&#8217;amore, gli affetti cari li porterai con te per tutta la vita . Tra qualche anno vorrei avere dei bambini.<\/p>\n<p>Come te la cavi in cucina ?<br \/>\nMio padre \u00e8 molto molto bravo in cucina, io posso dire che me la cavo: petto di pollo, pesce e verdure non mancano mai nella mia alimentazione.<\/p>\n<p>Che rapporto hai con i Social?<br \/>\nNon sono mai stato una &#8220;vittima&#8221; dei Social, li utilizzo in modo intelligente e funzionale . Mi servono principalmente per il lavoro e la popolarit\u00e0 porta lavoro.<\/p>\n<p>Sogni , aspirazioni e progetti futuri?<br \/>\nSicuramente voglio continuare a lavorare nel fashion system . Questo adesso \u00e8 un periodo roseo e florido di collaborazioni !<br \/>\nCi credo. E se ci credi, hai gi\u00e0 vinto!<\/p>\n<p>Dove ti vedremo in vacanza quest&#8217;estate?<br \/>\nSicuramente a casa, nella mia Taranto.<\/p>\n<p style=\"text-align: justify;\">Anche questa stagione Milan Fashion Week detta legge: pi\u00f9 di 36 sfilate per presentare le collezioni uomo primavera estate 2017.<br \/>\nStili differenti e outfit costruiti ad hoc adatti ad ogni esigenza dell\u2019uomo contemporaneo.<br \/>\nFocus indubbiamente su gli accessori: borse, occhiali, porta ipad e 24h.<br \/>\nSeducente, poliedrica, loquace e spietata, la moda oggi rappresenta un aspetto vitale e virale della realt\u00e0 di ognuno di noi: da Firenze con Pitti Uomo a Milano per la Fashion Week, si vola velocemente a Parigi per poi rientrale nella Capitale con AltaRoma.<br \/>\nCaotiche e camaleontiche, ma quali saranno le tendenze della prossima stagione?<br \/>\nCapi tecnici, tanto denim, completi monocolore o spezzati. Tra gli accessori: il ritorno del marsupio e la vittoria del sandalo\/ciabatta.\u2028Vincono le nuance cachi, i bermuda, le scarpe da trekking. L\u2019esploratore amante della natura potr\u00e0 trovare la sua nuova divisa da Prada, Moncler Gamme Bleu e Salvatore Ferragamo.<br \/>\nLa camicia un classico evergreen \u00e8\u2028Il capo simbolo del guardaroba maschile ma per la prossima stagione esplora nuove strade e versioni. Destrutturata quella sulla passerella di Marni, con foto d\u2019autore e over quella pensata dallo stilista Jil Sander, ricca di decori quella firmata Ports 1961.<br \/>\nSolo per uomini dall\u2019animo e dallo stile eccentrico: Petali e fiori sbocciano su camicia, pantaloni e giacca. Due diverse opzioni da Fendi e Gucci.<br \/>\nSar\u00e0 sicuramente la stagione dei cappelli, sono stati proposti in tutte le varianti e modelli: texani, in pelle, sportivi, classici, da pescatore, a tesa larga. A ognuno il suo.<br \/>\nIl completo perde rigidit\u00e0 e rigore per accompagnare con fluidit\u00e0 il corpo. Cos\u00ec il blazer non \u00e8 pi\u00f9 solo il capo da ufficio ma diventa il compagno ideale anche per il tempo libero. Maestro, da sempre, del genere Giorgio Armani.<br \/>\nLe bretelle tornate di tendenza, adesso si esibiscono e non si nascondono. Posso essere in pelle o in tessuto, dello stesso colore dell\u2019abito o a contrasto. Scegliete la vostra versione nelle collezioni di: Dsquared2, Emporio Armani, Salvatore Ferragamo.<br \/>\nAl giubbotto dei paninari gli stilisti regalano una seconda giovinezza. Il bomber degli anni 90 si trasforma rigorosamente in seta, con scritte o patch, mai minimal. Lo hanno scelto Coach, Dolce&amp;Gabbana, Philip Plein.\u2028L\u2019abbigliamento sportivo continua a dettare le regole della moda, sia maschile che femminile. I designer lo ridisegnano raffinato, elegante e con tessuti ricercati. Le collezioni da tenere d\u2019occhio sono quelle di: Versace, Prada e Marni.<br \/>\nUno sguardo al passato non poteva mancare. Quest\u2019anno il flashback riporta agli anni Settanta e lo stile per lui \u00e8 composto da: pantaloni slim, polo e occhiali con lenti fum\u00e8.\u2028Invadono la passerella i bermuda con modelli e colori diversi tra loro: tecnici, eleganti, sportivi, in stile college.<br \/>\nIl denim e&#8217; il tessuto intramontabile per eccellenza. Gli stilisti gli rendono omaggio con outfit totalmente in denim. Una sola indicazione: il lavaggio per la prossima stagione sar\u00e0 chiaro e delav\u00e8, come sulle passerelle di Neil Barret, Diesel Balck Gold e Lucio Vanotti.<\/p>\n<p>&nbsp;<\/p>\n<div class=\"radio-posizionamento-telefono-in-articoli-dopo-il-contenuto-articolo radio-entity-placement\" id=\"radio-1647386321\"><div id=\"radio-2462114383\"><a href=\"https:\/\/www.simeoneceramiche.com\/\" aria-label=\"SIMEONE CERAMICHE GIF animata per radioluna_Tavola disegno 1 copia 2 (online-video-cutter.com)\"><img loading=\"lazy\" decoding=\"async\" src=\"https:\/\/www.radioluna.it\/news\/wp-content\/uploads\/2025\/05\/SIMEONE-CERAMICHE-GIF-animata-per-radioluna_Tavola-disegno-1-copia-2-online-video-cutter.com_.gif\" alt=\"\"  width=\"300\" height=\"250\"   \/><\/a><\/div><\/div>","protected":false},"excerpt":{"rendered":"<p>LATINA &#8211;\u00a023 anni appena compiuti, originario di Taranto, Andrea si racconta con estrema semplicit\u00e0.\u00a0Anche lui reduce da un mese di giugno di lavoro intensissimo che lo ha visto impegnato sulle passerelle di Giorgio Armani, Dolce e Gabbana, Richmond e tanti altri, e al termine degli show milanesi, \u00e8 volato in Svizzera per GUESS. Capello morbido, [&hellip;]<\/p>\n","protected":false},"author":60,"featured_media":179909,"comment_status":"open","ping_status":"closed","sticky":false,"template":"","format":"standard","meta":{"footnotes":""},"categories":[735],"tags":[],"class_list":["post-179908","post","type-post","status-publish","format-standard","has-post-thumbnail","hentry","category-attualita"],"_links":{"self":[{"href":"https:\/\/www.radioluna.it\/news\/wp-json\/wp\/v2\/posts\/179908","targetHints":{"allow":["GET"]}}],"collection":[{"href":"https:\/\/www.radioluna.it\/news\/wp-json\/wp\/v2\/posts"}],"about":[{"href":"https:\/\/www.radioluna.it\/news\/wp-json\/wp\/v2\/types\/post"}],"author":[{"embeddable":true,"href":"https:\/\/www.radioluna.it\/news\/wp-json\/wp\/v2\/users\/60"}],"replies":[{"embeddable":true,"href":"https:\/\/www.radioluna.it\/news\/wp-json\/wp\/v2\/comments?post=179908"}],"version-history":[{"count":0,"href":"https:\/\/www.radioluna.it\/news\/wp-json\/wp\/v2\/posts\/179908\/revisions"}],"wp:featuredmedia":[{"embeddable":true,"href":"https:\/\/www.radioluna.it\/news\/wp-json\/wp\/v2\/media\/179909"}],"wp:attachment":[{"href":"https:\/\/www.radioluna.it\/news\/wp-json\/wp\/v2\/media?parent=179908"}],"wp:term":[{"taxonomy":"category","embeddable":true,"href":"https:\/\/www.radioluna.it\/news\/wp-json\/wp\/v2\/categories?post=179908"},{"taxonomy":"post_tag","embeddable":true,"href":"https:\/\/www.radioluna.it\/news\/wp-json\/wp\/v2\/tags?post=179908"}],"curies":[{"name":"wp","href":"https:\/\/api.w.org\/{rel}","templated":true}]}}