{"id":180073,"date":"2016-07-10T18:50:25","date_gmt":"2016-07-10T16:50:25","guid":{"rendered":"http:\/\/www.radioluna.it\/news\/?p=180073"},"modified":"2016-07-11T08:27:52","modified_gmt":"2016-07-11T06:27:52","slug":"trasparenza-e-legalita-convegno-nei-giardini-del-palazzo-comunale","status":"publish","type":"post","link":"https:\/\/www.radioluna.it\/news\/2016\/07\/trasparenza-e-legalita-convegno-nei-giardini-del-palazzo-comunale\/","title":{"rendered":"Trasparenza e legalit\u00e0, convegno nei giardini del palazzo comunale"},"content":{"rendered":"<div id=\"fb-root\"><\/div>\n<div id=\"attachment_176733\" style=\"width: 699px\" class=\"wp-caption aligncenter\"><a href=\"http:\/\/www.radioluna.it\/news\/2016\/04\/a-latina-una-rete-ecologica-di-scuole-9-istituti-insieme-per-leducazione-ambientale\/giardini-comunali-3\/\"><img loading=\"lazy\" decoding=\"async\" aria-describedby=\"caption-attachment-176733\" class=\"size-thumbnail wp-image-176733\" src=\"http:\/\/www.radioluna.it\/news\/wp-content\/uploads\/2016\/04\/giardini-comunali-689x388.jpg\" alt=\"I giardini del Comune di Latina\" width=\"689\" height=\"388\" srcset=\"https:\/\/www.radioluna.it\/news\/wp-content\/uploads\/2016\/04\/giardini-comunali-689x388.jpg 689w, https:\/\/www.radioluna.it\/news\/wp-content\/uploads\/2016\/04\/giardini-comunali-768x432.jpg 768w, https:\/\/www.radioluna.it\/news\/wp-content\/uploads\/2016\/04\/giardini-comunali-500x281.jpg 500w, https:\/\/www.radioluna.it\/news\/wp-content\/uploads\/2016\/04\/giardini-comunali-300x169.jpg 300w, https:\/\/www.radioluna.it\/news\/wp-content\/uploads\/2016\/04\/giardini-comunali-1024x576.jpg 1024w, https:\/\/www.radioluna.it\/news\/wp-content\/uploads\/2016\/04\/giardini-comunali-800x450.jpg 800w, https:\/\/www.radioluna.it\/news\/wp-content\/uploads\/2016\/04\/giardini-comunali.jpg 1000w\" sizes=\"auto, (max-width: 689px) 100vw, 689px\" \/><\/a><p id=\"caption-attachment-176733\" class=\"wp-caption-text\">I giardini del Comune di Latina<\/p><\/div>\n<p style=\"text-align: justify;\"><strong>LATINA &#8211;<\/strong> \u201cTrasparenza e Legalit\u00e0, i pilastri del Bene Comune\u201d \u00e8 il titolo del convegno che si terr\u00e0 marted\u00ec 12 luglio nei Giardini del Comune di Latina alle 18.30.<\/p>\n<p style=\"text-align: justify;\">L\u2019incontro \u00e8 stato fortemente voluto dal Sindaco Damiano Coletta per sottolineare la necessit\u00e0 di lavorare in sinergia con le Istituzioni locali favorendo una sempre pi\u00f9 ampia e solida collaborazione tra Amministrazione Comunale, Forze dell\u2019Ordine e Magistratura a tutela del territorio e dei cittadini.<\/p>\n<p style=\"text-align: justify;\">Ad aprire il convegno sar\u00e0 il Prefetto di Latina Pierluigi Faloni. Interverranno in veste di ospiti e relatori: il procuratore aggiunto Nunzia D\u2019Elia, il Comandante provinciale dei Carabinieri colonnello Eduardo Calvi, il Comandante\u00a0provinciale della Guardia di Finanza Giovanni Reccia, il Presidente\u00a0dell&#8217;Osservatorio tecnico-scientifico\u00a0per la sicurezza e la legalit\u00e0 della Regione Lazio Gianpiero Cioffredi, Fabrizio Marras coordinatore di\u00a0Libera\u00a0Latina e il consigliere comunale Valeria Campagna. Moderer\u00e0 la giornalista Alga Madia, al Sindaco di Latina il compito di chiudere i lavori.<\/p>\n<div class=\"radio-posizionamento-telefono-in-articoli-dopo-il-contenuto-articolo radio-entity-placement\" id=\"radio-1540465415\"><div id=\"radio-1138828812\" style=\"width: 300px;height: 250px;\"><a href=\"https:\/\/www.icarspa.it\/auto\/usate\/latina\/\" aria-label=\"banner aprile icar new life &#8211; auto usate latina\"><img loading=\"lazy\" decoding=\"async\" src=\"https:\/\/www.radioluna.it\/news\/wp-content\/uploads\/2026\/02\/banner-aprile-icar-new-life-auto-usate-latina.gif\" alt=\"\"  width=\"300\" height=\"250\"   \/><\/a><\/div><\/div>","protected":false},"excerpt":{"rendered":"<p>LATINA &#8211; \u201cTrasparenza e Legalit\u00e0, i pilastri del Bene Comune\u201d \u00e8 il titolo del convegno che si terr\u00e0 marted\u00ec 12 luglio nei Giardini del Comune di Latina alle 18.30. L\u2019incontro \u00e8 stato fortemente voluto dal Sindaco Damiano Coletta per sottolineare la necessit\u00e0 di lavorare in sinergia con le Istituzioni locali favorendo una sempre pi\u00f9 ampia [&hellip;]<\/p>\n","protected":false},"author":60,"featured_media":176733,"comment_status":"open","ping_status":"closed","sticky":false,"template":"","format":"standard","meta":{"footnotes":""},"categories":[16],"tags":[],"class_list":["post-180073","post","type-post","status-publish","format-standard","has-post-thumbnail","hentry","category-appuntamenti"],"_links":{"self":[{"href":"https:\/\/www.radioluna.it\/news\/wp-json\/wp\/v2\/posts\/180073","targetHints":{"allow":["GET"]}}],"collection":[{"href":"https:\/\/www.radioluna.it\/news\/wp-json\/wp\/v2\/posts"}],"about":[{"href":"https:\/\/www.radioluna.it\/news\/wp-json\/wp\/v2\/types\/post"}],"author":[{"embeddable":true,"href":"https:\/\/www.radioluna.it\/news\/wp-json\/wp\/v2\/users\/60"}],"replies":[{"embeddable":true,"href":"https:\/\/www.radioluna.it\/news\/wp-json\/wp\/v2\/comments?post=180073"}],"version-history":[{"count":0,"href":"https:\/\/www.radioluna.it\/news\/wp-json\/wp\/v2\/posts\/180073\/revisions"}],"wp:featuredmedia":[{"embeddable":true,"href":"https:\/\/www.radioluna.it\/news\/wp-json\/wp\/v2\/media\/176733"}],"wp:attachment":[{"href":"https:\/\/www.radioluna.it\/news\/wp-json\/wp\/v2\/media?parent=180073"}],"wp:term":[{"taxonomy":"category","embeddable":true,"href":"https:\/\/www.radioluna.it\/news\/wp-json\/wp\/v2\/categories?post=180073"},{"taxonomy":"post_tag","embeddable":true,"href":"https:\/\/www.radioluna.it\/news\/wp-json\/wp\/v2\/tags?post=180073"}],"curies":[{"name":"wp","href":"https:\/\/api.w.org\/{rel}","templated":true}]}}