{"id":180285,"date":"2016-07-15T07:46:43","date_gmt":"2016-07-15T05:46:43","guid":{"rendered":"http:\/\/www.radioluna.it\/news\/?p=180285"},"modified":"2016-07-18T11:04:31","modified_gmt":"2016-07-18T09:04:31","slug":"latina-senzatetto-con-i-materassi-per-strada-il-comune-si-muove-non-basta-farli-sparire-alla-vista-dei-cittadini","status":"publish","type":"post","link":"https:\/\/www.radioluna.it\/news\/2016\/07\/latina-senzatetto-con-i-materassi-per-strada-il-comune-si-muove-non-basta-farli-sparire-alla-vista-dei-cittadini\/","title":{"rendered":"Latina, senzatetto con i materassi per strada, il Comune si muove: &#8220;Ma non basta farli sparire alla vista dei cittadini&#8221;"},"content":{"rendered":"<div id=\"fb-root\"><\/div>\n<div id=\"attachment_180286\" style=\"width: 562px\" class=\"wp-caption aligncenter\"><a href=\"http:\/\/www.radioluna.it\/news\/wp-content\/uploads\/2016\/07\/clochard-a-Latina.jpg\"><img loading=\"lazy\" decoding=\"async\" aria-describedby=\"caption-attachment-180286\" class=\"wp-image-180286 size-full\" src=\"http:\/\/www.radioluna.it\/news\/wp-content\/uploads\/2016\/07\/clochard-a-Latina.jpg\" alt=\"clochard a Latina\" width=\"552\" height=\"310\" srcset=\"https:\/\/www.radioluna.it\/news\/wp-content\/uploads\/2016\/07\/clochard-a-Latina.jpg 552w, https:\/\/www.radioluna.it\/news\/wp-content\/uploads\/2016\/07\/clochard-a-Latina-300x168.jpg 300w\" sizes=\"auto, (max-width: 552px) 100vw, 552px\" \/><\/a><p id=\"caption-attachment-180286\" class=\"wp-caption-text\">Clochard nei giardini di Via Don Morosini<\/p><\/div>\n<p style=\"text-align: justify;\"><strong>LATINA<\/strong> &#8211; I clochard con il caldo dormono su materassi appoggiati a terra nei giardini di Via Don Morosini a Latina, sotto gli alberi, in pieno centro; mantengono poi la &#8220;postazione fissa&#8221; all&#8217;ingresso principale dell&#8217;ormai deserto mercato annonario. E&#8217; ovvio che i cittadini si indignino per quei giacigli di fortuna, davvero brutti alla vista, non solo perch\u00e9 sono degradanti, ma perch\u00e9 ci rimandano l&#8217;immagine di una citt\u00e0 che ha lasciato in stato di abbandono gli ultimi.<\/p>\n<p style=\"text-align: justify;\">&#8220;Non \u00e8 cos\u00ec, ma non basta farli sparire alla vista&#8221;, \u00a0spiega in pratica la neo assessore ai servizi sociali Patrizia Ciccarelli che si \u00e8 buttata a capofitto nel suo nuovo lavoro. Pu\u00f2 del resto contare su una struttura amministrativa di dipendenti comunali esperti che sorvegliano molto da vicino e da anni quelle che lei chiama &#8220;periferie esistenziali&#8221; .<\/p>\n<p style=\"text-align: justify;\">In questi giorni che le foto dei senzatetto circolano sui social (quelle pubblicate qui sono state postate da Alessandro Aielli su Fb), le critiche all&#8217;amministrazione si fanno aspre: &#8220;Sto resistendo alla tentazione di soccombere alle pressioni esterne che chiedono una soluzione del microproblema, una questione di questo tipo va vista da tanti punti di vista. E quando ci muoviamo nell&#8217;immediato dobbiamo progettare anche il futuro. Non possiamo considerare il problema dei clochard solo un problema di ordine pubblico, dobbiamo piuttosto considerarlo un problema che riguarda la persona, l&#8217;igiene urbana, l&#8217;ordine, la sicurezza, eccetera. E&#8217; quello che stiamo facendo, forti rispetto al passato, di una volont\u00e0 di collaborare che c&#8217;\u00e8 tra i vari assessori, ognuno per le sue competenze&#8221;.<\/p>\n<div id=\"attachment_180287\" style=\"width: 310px\" class=\"wp-caption alignleft\"><a href=\"http:\/\/www.radioluna.it\/news\/wp-content\/uploads\/2016\/07\/clochard-mercato.jpg\"><img loading=\"lazy\" decoding=\"async\" aria-describedby=\"caption-attachment-180287\" class=\"wp-image-180287 size-medium\" src=\"http:\/\/www.radioluna.it\/news\/wp-content\/uploads\/2016\/07\/clochard-mercato-300x259.jpg\" alt=\"clochard mercato\" width=\"300\" height=\"259\" srcset=\"https:\/\/www.radioluna.it\/news\/wp-content\/uploads\/2016\/07\/clochard-mercato-300x259.jpg 300w, https:\/\/www.radioluna.it\/news\/wp-content\/uploads\/2016\/07\/clochard-mercato-689x594.jpg 689w, https:\/\/www.radioluna.it\/news\/wp-content\/uploads\/2016\/07\/clochard-mercato.jpg 720w\" sizes=\"auto, (max-width: 300px) 100vw, 300px\" \/><\/a><p id=\"caption-attachment-180287\" class=\"wp-caption-text\">I giacigli all&#8217;ingresso del mercato annonario chiuso<\/p><\/div>\n<p style=\"text-align: justify;\">L&#8217;intervento \u00e8 partito, l&#8217;urgenza \u00e8 insita nei fatti, ma i clochard non saranno sgomberati sic et simpliciter. &#8220;I posti nel dormitorio pubblico (in Via Villafranca) ci sono, i quattro in emergenza (oltre ai 20 fissi) per esempio non vengono quasi mai occupati &#8211; spiega ancora la Ciccarelli &#8211; \u00a0Ora serve organizzare un percorso&#8221;.<\/p>\n<p style=\"text-align: justify;\">Occorre avvicinare i senzatetto che preferiscono il materasso per strada al letto in una struttura pubblica che offre anche la doccia e la colazione, e capire quali sono le storie dietro ciascuno: &#8220;Ognuno \u00e8 un caso a s\u00e9, molti non accettano di andare a dormire nel dormitorio, si rifiutano, questo \u00e8 frustrante per noi. Serve allora coinvolgere tutti gli attori e svolgere un lavoro pi\u00f9 collegiale. Questa giunta ha voglia di lavorare in questo modo, istituendo dei tavoli all&#8217;interno dei quali tutti gli attori siano presenti e ciascuno svolga il proprio ruolo, contando sulle poche risorse che abbiamo e anche sulla sussidiariet\u00e0 orizzontale, ovvero il volontariato qualificato che fa da supporto alle mancanze dell&#8217;amministrazione.\u00a0Stiamo cercando di creare ogni volta un modello al quale rifarsi per non trovarsi ogni volta a ricominciare tutto daccapo&#8221;.<\/p>\n<div id=\"attachment_180293\" style=\"width: 338px\" class=\"wp-caption alignleft\"><a href=\"http:\/\/www.radioluna.it\/news\/wp-content\/uploads\/2016\/07\/patrizia-ciccarelli.jpg\"><img loading=\"lazy\" decoding=\"async\" aria-describedby=\"caption-attachment-180293\" class=\"size-full wp-image-180293\" src=\"http:\/\/www.radioluna.it\/news\/wp-content\/uploads\/2016\/07\/patrizia-ciccarelli.jpg\" alt=\"L'assessore Patrizia Ciccarelli\" width=\"328\" height=\"322\" srcset=\"https:\/\/www.radioluna.it\/news\/wp-content\/uploads\/2016\/07\/patrizia-ciccarelli.jpg 328w, https:\/\/www.radioluna.it\/news\/wp-content\/uploads\/2016\/07\/patrizia-ciccarelli-300x295.jpg 300w, https:\/\/www.radioluna.it\/news\/wp-content\/uploads\/2016\/07\/patrizia-ciccarelli-50x50.jpg 50w\" sizes=\"auto, (max-width: 328px) 100vw, 328px\" \/><\/a><p id=\"caption-attachment-180293\" class=\"wp-caption-text\">L&#8217;assessore Patrizia Ciccarelli<\/p><\/div>\n<p style=\"text-align: justify;\"><strong>ASCOLTA<\/strong> l&#8217;assessore Patrizia Ciccarelli<\/p>\n<audio class=\"wp-audio-shortcode\" id=\"audio-180285-1\" preload=\"none\" style=\"width: 100%;\" controls=\"controls\"><source type=\"audio\/mpeg\" src=\"http:\/\/www.radioluna.it\/news\/wp-content\/uploads\/2016\/07\/ciccarelli-per-sito.mp3?_=1\" \/><a href=\"http:\/\/www.radioluna.it\/news\/wp-content\/uploads\/2016\/07\/ciccarelli-per-sito.mp3\">http:\/\/www.radioluna.it\/news\/wp-content\/uploads\/2016\/07\/ciccarelli-per-sito.mp3<\/a><\/audio>\n<p style=\"text-align: justify;\">\n<div class=\"radio-posizionamento-telefono-in-articoli-dopo-il-contenuto-articolo radio-entity-placement\" id=\"radio-2400155011\"><div id=\"radio-1230732503\"><a href=\"https:\/\/grupporedi.it\/\" aria-label=\"Redi-Qr\"><img loading=\"lazy\" decoding=\"async\" src=\"https:\/\/www.radioluna.it\/news\/wp-content\/uploads\/2026\/03\/Redi-Qr.jpg\" alt=\"\"  srcset=\"https:\/\/www.radioluna.it\/news\/wp-content\/uploads\/2026\/03\/Redi-Qr.jpg 800w, https:\/\/www.radioluna.it\/news\/wp-content\/uploads\/2026\/03\/Redi-Qr-768x639.jpg 768w\" sizes=\"(max-width: 800px) 100vw, 800px\" width=\"300\" height=\"250\"   \/><\/a><\/div><\/div>","protected":false},"excerpt":{"rendered":"<p>LATINA &#8211; I clochard con il caldo dormono su materassi appoggiati a terra nei giardini di Via Don Morosini a Latina, sotto gli alberi, in pieno centro; mantengono poi la &#8220;postazione fissa&#8221; all&#8217;ingresso principale dell&#8217;ormai deserto mercato annonario. E&#8217; ovvio che i cittadini si indignino per quei giacigli di fortuna, davvero brutti alla vista, non [&hellip;]<\/p>\n","protected":false},"author":62,"featured_media":180286,"comment_status":"open","ping_status":"closed","sticky":false,"template":"","format":"standard","meta":{"footnotes":""},"categories":[2310,7],"tags":[],"class_list":["post-180285","post","type-post","status-publish","format-standard","has-post-thumbnail","hentry","category-audio","category-cronaca"],"_links":{"self":[{"href":"https:\/\/www.radioluna.it\/news\/wp-json\/wp\/v2\/posts\/180285","targetHints":{"allow":["GET"]}}],"collection":[{"href":"https:\/\/www.radioluna.it\/news\/wp-json\/wp\/v2\/posts"}],"about":[{"href":"https:\/\/www.radioluna.it\/news\/wp-json\/wp\/v2\/types\/post"}],"author":[{"embeddable":true,"href":"https:\/\/www.radioluna.it\/news\/wp-json\/wp\/v2\/users\/62"}],"replies":[{"embeddable":true,"href":"https:\/\/www.radioluna.it\/news\/wp-json\/wp\/v2\/comments?post=180285"}],"version-history":[{"count":0,"href":"https:\/\/www.radioluna.it\/news\/wp-json\/wp\/v2\/posts\/180285\/revisions"}],"wp:featuredmedia":[{"embeddable":true,"href":"https:\/\/www.radioluna.it\/news\/wp-json\/wp\/v2\/media\/180286"}],"wp:attachment":[{"href":"https:\/\/www.radioluna.it\/news\/wp-json\/wp\/v2\/media?parent=180285"}],"wp:term":[{"taxonomy":"category","embeddable":true,"href":"https:\/\/www.radioluna.it\/news\/wp-json\/wp\/v2\/categories?post=180285"},{"taxonomy":"post_tag","embeddable":true,"href":"https:\/\/www.radioluna.it\/news\/wp-json\/wp\/v2\/tags?post=180285"}],"curies":[{"name":"wp","href":"https:\/\/api.w.org\/{rel}","templated":true}]}}