{"id":180297,"date":"2016-07-14T16:23:09","date_gmt":"2016-07-14T14:23:09","guid":{"rendered":"http:\/\/www.radioluna.it\/news\/?p=180297"},"modified":"2016-07-14T13:26:15","modified_gmt":"2016-07-14T11:26:15","slug":"gaia-e-giulia-biondi-presentano-durante-la-dieta-prosciutto-cotto-o-crudo","status":"publish","type":"post","link":"https:\/\/www.radioluna.it\/news\/2016\/07\/gaia-e-giulia-biondi-presentano-durante-la-dieta-prosciutto-cotto-o-crudo\/","title":{"rendered":"Gaia e Giulia Biondi presentano: durante la dieta, prosciutto cotto o crudo?"},"content":{"rendered":"<div id=\"fb-root\"><\/div>\n<p><a href=\"http:\/\/www.radioluna.it\/news\/wp-content\/uploads\/2016\/07\/bilanciamo_banner-689x371.jpg\"><img loading=\"lazy\" decoding=\"async\" class=\"aligncenter size-thumbnail wp-image-179956\" src=\"http:\/\/www.radioluna.it\/news\/wp-content\/uploads\/2016\/07\/bilanciamo_banner-689x371-689x371.jpg\" alt=\"bilanciamo_banner-689x371\" width=\"689\" height=\"371\" srcset=\"https:\/\/www.radioluna.it\/news\/wp-content\/uploads\/2016\/07\/bilanciamo_banner-689x371.jpg 689w, https:\/\/www.radioluna.it\/news\/wp-content\/uploads\/2016\/07\/bilanciamo_banner-689x371-300x162.jpg 300w\" sizes=\"auto, (max-width: 689px) 100vw, 689px\" \/><\/a><\/p>\n<p style=\"text-align: justify;\">Ogni giorno dal luned\u00ec al venerd\u00ec su Radio Luna alle 9,45 (e in replica alle 13,45) \u00e8 in onda <strong>Bilanciamo sulla Luna<\/strong>, la rubrica di Giulia e Gaia Biondi, le sorelle di Latina esperte in Educazione Alimentare.<\/p>\n<div id=\"attachment_180045\" style=\"width: 699px\" class=\"wp-caption aligncenter\"><a href=\"http:\/\/www.radioluna.it\/news\/wp-content\/uploads\/2016\/07\/giulia-e-gaia.jpg\"><img loading=\"lazy\" decoding=\"async\" aria-describedby=\"caption-attachment-180045\" class=\"wp-image-180045 size-thumbnail\" src=\"http:\/\/www.radioluna.it\/news\/wp-content\/uploads\/2016\/07\/giulia-e-gaia-689x592.jpg\" alt=\"Bilanciamo con Giulia e Gaia Biondi \" width=\"689\" height=\"592\" srcset=\"https:\/\/www.radioluna.it\/news\/wp-content\/uploads\/2016\/07\/giulia-e-gaia-689x592.jpg 689w, https:\/\/www.radioluna.it\/news\/wp-content\/uploads\/2016\/07\/giulia-e-gaia-300x258.jpg 300w, https:\/\/www.radioluna.it\/news\/wp-content\/uploads\/2016\/07\/giulia-e-gaia-768x660.jpg 768w, https:\/\/www.radioluna.it\/news\/wp-content\/uploads\/2016\/07\/giulia-e-gaia-800x688.jpg 800w, https:\/\/www.radioluna.it\/news\/wp-content\/uploads\/2016\/07\/giulia-e-gaia.jpg 905w\" sizes=\"auto, (max-width: 689px) 100vw, 689px\" \/><\/a><p id=\"caption-attachment-180045\" class=\"wp-caption-text\">Bilanciamo con Giulia e Gaia Biondi<\/p><\/div>\n<p style=\"text-align: justify;\">Nella puntata di oggi scoprirete se durante la dieta \u00e8 meglio mangiare il prosciutto cotto o crudo.<\/p>\n<audio class=\"wp-audio-shortcode\" id=\"audio-180297-1\" preload=\"none\" style=\"width: 100%;\" controls=\"controls\"><source type=\"audio\/mpeg\" src=\"http:\/\/www.radioluna.it\/news\/wp-content\/uploads\/2016\/07\/bilanciamo-per-sito-7.mp3?_=1\" \/><a href=\"http:\/\/www.radioluna.it\/news\/wp-content\/uploads\/2016\/07\/bilanciamo-per-sito-7.mp3\">http:\/\/www.radioluna.it\/news\/wp-content\/uploads\/2016\/07\/bilanciamo-per-sito-7.mp3<\/a><\/audio>\n<div class=\"radio-posizionamento-telefono-in-articoli-dopo-il-contenuto-articolo radio-entity-placement\" id=\"radio-4140447160\"><div id=\"radio-1578923846\" style=\"width: 300px;height: 250px;\"><a href=\"https:\/\/www.icarspa.it\/auto\/usate\/latina\/\" aria-label=\"banner aprile icar new life &#8211; auto usate latina\"><img loading=\"lazy\" decoding=\"async\" src=\"https:\/\/www.radioluna.it\/news\/wp-content\/uploads\/2026\/02\/banner-aprile-icar-new-life-auto-usate-latina.gif\" alt=\"\"  width=\"300\" height=\"250\"   \/><\/a><\/div><\/div>","protected":false},"excerpt":{"rendered":"<p>Ogni giorno dal luned\u00ec al venerd\u00ec su Radio Luna alle 9,45 (e in replica alle 13,45) \u00e8 in onda Bilanciamo sulla Luna, la rubrica di Giulia e Gaia Biondi, le sorelle di Latina esperte in Educazione Alimentare. Nella puntata di oggi scoprirete se durante la dieta \u00e8 meglio mangiare il prosciutto cotto o crudo.<\/p>\n","protected":false},"author":62,"featured_media":180045,"comment_status":"open","ping_status":"closed","sticky":false,"template":"","format":"standard","meta":{"footnotes":""},"categories":[735],"tags":[],"class_list":["post-180297","post","type-post","status-publish","format-standard","has-post-thumbnail","hentry","category-attualita"],"_links":{"self":[{"href":"https:\/\/www.radioluna.it\/news\/wp-json\/wp\/v2\/posts\/180297","targetHints":{"allow":["GET"]}}],"collection":[{"href":"https:\/\/www.radioluna.it\/news\/wp-json\/wp\/v2\/posts"}],"about":[{"href":"https:\/\/www.radioluna.it\/news\/wp-json\/wp\/v2\/types\/post"}],"author":[{"embeddable":true,"href":"https:\/\/www.radioluna.it\/news\/wp-json\/wp\/v2\/users\/62"}],"replies":[{"embeddable":true,"href":"https:\/\/www.radioluna.it\/news\/wp-json\/wp\/v2\/comments?post=180297"}],"version-history":[{"count":0,"href":"https:\/\/www.radioluna.it\/news\/wp-json\/wp\/v2\/posts\/180297\/revisions"}],"wp:featuredmedia":[{"embeddable":true,"href":"https:\/\/www.radioluna.it\/news\/wp-json\/wp\/v2\/media\/180045"}],"wp:attachment":[{"href":"https:\/\/www.radioluna.it\/news\/wp-json\/wp\/v2\/media?parent=180297"}],"wp:term":[{"taxonomy":"category","embeddable":true,"href":"https:\/\/www.radioluna.it\/news\/wp-json\/wp\/v2\/categories?post=180297"},{"taxonomy":"post_tag","embeddable":true,"href":"https:\/\/www.radioluna.it\/news\/wp-json\/wp\/v2\/tags?post=180297"}],"curies":[{"name":"wp","href":"https:\/\/api.w.org\/{rel}","templated":true}]}}