{"id":180329,"date":"2016-07-15T11:12:05","date_gmt":"2016-07-15T09:12:05","guid":{"rendered":"http:\/\/www.radioluna.it\/news\/?p=180329"},"modified":"2016-07-15T11:12:05","modified_gmt":"2016-07-15T09:12:05","slug":"jazz-classica-e-altro-il-festival-pontino-fa-tappa-a-cori","status":"publish","type":"post","link":"https:\/\/www.radioluna.it\/news\/2016\/07\/jazz-classica-e-altro-il-festival-pontino-fa-tappa-a-cori\/","title":{"rendered":"\u201cJazz, classica e altro&#8221;, il Festival Pontino fa tappa a Cori"},"content":{"rendered":"<div id=\"fb-root\"><\/div>\n<div id=\"attachment_180331\" style=\"width: 699px\" class=\"wp-caption aligncenter\"><a href=\"http:\/\/www.radioluna.it\/news\/wp-content\/uploads\/2016\/07\/Ialsax-Quartet.jpg\"><img loading=\"lazy\" decoding=\"async\" aria-describedby=\"caption-attachment-180331\" class=\"size-thumbnail wp-image-180331\" src=\"http:\/\/www.radioluna.it\/news\/wp-content\/uploads\/2016\/07\/Ialsax-Quartet-689x410.jpg\" alt=\"Rma, Auditorium Parco della Musica 31 10 2007. Joe Zawinul Tribute. nella foto: PMJO Parco della Musica Jazz Orchestra \u00a9Riccardo Musacchio &amp; Flavio Ianniello\" width=\"689\" height=\"410\" srcset=\"https:\/\/www.radioluna.it\/news\/wp-content\/uploads\/2016\/07\/Ialsax-Quartet-689x410.jpg 689w, https:\/\/www.radioluna.it\/news\/wp-content\/uploads\/2016\/07\/Ialsax-Quartet-300x179.jpg 300w, https:\/\/www.radioluna.it\/news\/wp-content\/uploads\/2016\/07\/Ialsax-Quartet-768x457.jpg 768w, https:\/\/www.radioluna.it\/news\/wp-content\/uploads\/2016\/07\/Ialsax-Quartet-800x477.jpg 800w, https:\/\/www.radioluna.it\/news\/wp-content\/uploads\/2016\/07\/Ialsax-Quartet.jpg 920w\" sizes=\"auto, (max-width: 689px) 100vw, 689px\" \/><\/a><p id=\"caption-attachment-180331\" class=\"wp-caption-text\">Rma, Auditorium Parco della Musica 31 10 2007.<br \/>Joe Zawinul Tribute. nella foto: PMJO Parco della Musica Jazz Orchestra<br \/>\u00a9Riccardo Musacchio &amp; Flavio Ianniello<\/p><\/div>\n<p style=\"text-align: justify;\"><b>CORI\u00a0<\/b>&#8211;\u00a0Un fine settimana con il jazz, la musica da camera e la musica per film\u00a0al Festival Pontino di Musica in tre diversi luoghi d\u2019arte e di storia: venerd\u00ec 15 luglio al Chiostro di Sant\u2019Oliva a Cori arriva lo Ialsax Quartet di Gianni Oddi\u00a0per una serata dedicata a \u201cJazz, classica e altro\u201d;\u00a0sabato 16 al Castello di Sermoneta il duo clarinetto e pianoforte formato da Alessandro Carbonare e D\u00e9sir\u00e9e Scuccuglia;\u00a0domenica 17 nell&#8217;Infermeria dell&#8217;Abbazia di Fossanova, l\u2019Orchestra d\u2019archi dell\u2019Accademia di Santa Cecilia\u00a0diretta da Luigi Piovano con musiche di Piovani, Rota e Morricone.<\/p>\n<p style=\"text-align: justify;\">Si comincia stasera a Sant\u2019Oliva alle 21.30 con \u201cJazz, classica e altro\u201d, protagonisti Alessandro Tomei (sax tenore e flauto), Gianni Oddi (sax soprano e alto), Filiberto Palermini(sax soprano e alto) e Marco Guidolotti (sax baritono e clarinetto). ne abbiamo parlato a Buongiorno Festival su Radio Luna con il Maestro Oddi<\/p>\n<audio class=\"wp-audio-shortcode\" id=\"audio-180329-1\" preload=\"none\" style=\"width: 100%;\" controls=\"controls\"><source type=\"audio\/mpeg\" src=\"http:\/\/www.radioluna.it\/news\/wp-content\/uploads\/2016\/07\/buongiorno-festival-per-sito-1.mp3?_=1\" \/><a href=\"http:\/\/www.radioluna.it\/news\/wp-content\/uploads\/2016\/07\/buongiorno-festival-per-sito-1.mp3\">http:\/\/www.radioluna.it\/news\/wp-content\/uploads\/2016\/07\/buongiorno-festival-per-sito-1.mp3<\/a><\/audio>\n<p style=\"text-align: justify;\"><strong>IL PROGRAMMA<\/strong> &#8211; In programma la prima esecuzione italiana del brano di Bob Mintzer Three Pieces for Saxophone Quartet, da sottolineare inoltre l\u2019originale arrangiamento della Medley dei Brecker Brothers di Marco Guidolotti e l\u2019omaggio a due grandi musicisti argentini come Astor Piazzolla e Javier Girotto con l\u2019arrangiamento di Luigi Giannatempo. Oltre ai pi\u00f9 celebri brani jazz di Duke Ellington a Dizzy Gillespie, il quartetto affronter\u00e0 anche Gershwin con una selezione dal celeberrimo Porgy and Bess, e poi ci sar\u00e0 \u201caltro\u201d, come Chick Corea e il cubano Paquito D\u2019Rivera &#8211; con il quale il pianista americano ha collaborato negli anni \u201880 -, di cui il Quartetto eseguir\u00e0 The New York Suite, scritta proprio nel 1980, che naturalmente lascia ampio spazio anche all\u2019improvvisazione, da intercalare nei quattro movimenti. E lo stesso Palermini, sax del Quartetto, presenta in questa serata i suoi Quadri riflessi, in cui allo strumento si affiancano effetti elettronici che danno un sapore spettacolare al pezzo. Insomma un viaggio musicale in cui il quartetto accompagna l\u2019ascoltatore tra le poliritmie del jazz, le forme severe della musica classica fino ai colori e suoni della musica \u201cattuale\u201d.<\/p>\n<p>Info: Fondazione Campus Internazionale di Musica, Via Varsavia, 31 &#8211; 04100 Latina, tel. 0773 605551, 605550,www.campusmusica.it; info@campusmusica.it,<\/p>\n<p>&nbsp;<\/p>\n<div class=\"radio-posizionamento-telefono-in-articoli-dopo-il-contenuto-articolo radio-entity-placement\" id=\"radio-1649941085\"><div id=\"radio-4209827738\"><a href=\"https:\/\/grupporedi.it\/\" aria-label=\"Redi-Qr\"><img loading=\"lazy\" decoding=\"async\" src=\"https:\/\/www.radioluna.it\/news\/wp-content\/uploads\/2026\/03\/Redi-Qr.jpg\" alt=\"\"  srcset=\"https:\/\/www.radioluna.it\/news\/wp-content\/uploads\/2026\/03\/Redi-Qr.jpg 800w, https:\/\/www.radioluna.it\/news\/wp-content\/uploads\/2026\/03\/Redi-Qr-768x639.jpg 768w\" sizes=\"(max-width: 800px) 100vw, 800px\" width=\"300\" height=\"250\"   \/><\/a><\/div><\/div>","protected":false},"excerpt":{"rendered":"<p>CORI\u00a0&#8211;\u00a0Un fine settimana con il jazz, la musica da camera e la musica per film\u00a0al Festival Pontino di Musica in tre diversi luoghi d\u2019arte e di storia: venerd\u00ec 15 luglio al Chiostro di Sant\u2019Oliva a Cori arriva lo Ialsax Quartet di Gianni Oddi\u00a0per una serata dedicata a \u201cJazz, classica e altro\u201d;\u00a0sabato 16 al Castello di [&hellip;]<\/p>\n","protected":false},"author":62,"featured_media":180331,"comment_status":"open","ping_status":"closed","sticky":false,"template":"","format":"standard","meta":{"footnotes":""},"categories":[16,2310],"tags":[],"class_list":["post-180329","post","type-post","status-publish","format-standard","has-post-thumbnail","hentry","category-appuntamenti","category-audio"],"_links":{"self":[{"href":"https:\/\/www.radioluna.it\/news\/wp-json\/wp\/v2\/posts\/180329","targetHints":{"allow":["GET"]}}],"collection":[{"href":"https:\/\/www.radioluna.it\/news\/wp-json\/wp\/v2\/posts"}],"about":[{"href":"https:\/\/www.radioluna.it\/news\/wp-json\/wp\/v2\/types\/post"}],"author":[{"embeddable":true,"href":"https:\/\/www.radioluna.it\/news\/wp-json\/wp\/v2\/users\/62"}],"replies":[{"embeddable":true,"href":"https:\/\/www.radioluna.it\/news\/wp-json\/wp\/v2\/comments?post=180329"}],"version-history":[{"count":0,"href":"https:\/\/www.radioluna.it\/news\/wp-json\/wp\/v2\/posts\/180329\/revisions"}],"wp:featuredmedia":[{"embeddable":true,"href":"https:\/\/www.radioluna.it\/news\/wp-json\/wp\/v2\/media\/180331"}],"wp:attachment":[{"href":"https:\/\/www.radioluna.it\/news\/wp-json\/wp\/v2\/media?parent=180329"}],"wp:term":[{"taxonomy":"category","embeddable":true,"href":"https:\/\/www.radioluna.it\/news\/wp-json\/wp\/v2\/categories?post=180329"},{"taxonomy":"post_tag","embeddable":true,"href":"https:\/\/www.radioluna.it\/news\/wp-json\/wp\/v2\/tags?post=180329"}],"curies":[{"name":"wp","href":"https:\/\/api.w.org\/{rel}","templated":true}]}}