{"id":180366,"date":"2016-07-16T15:47:45","date_gmt":"2016-07-16T13:47:45","guid":{"rendered":"http:\/\/www.radioluna.it\/news\/?p=180366"},"modified":"2016-07-16T20:12:22","modified_gmt":"2016-07-16T18:12:22","slug":"si-fa-il-lago-di-villa-ada-a-nuoto-per-ascoltare-calcutta","status":"publish","type":"post","link":"https:\/\/www.radioluna.it\/news\/2016\/07\/si-fa-il-lago-di-villa-ada-a-nuoto-per-ascoltare-calcutta\/","title":{"rendered":"Si fa il lago di Villa Ada a nuoto per ascoltare Calcutta"},"content":{"rendered":"<div id=\"fb-root\"><\/div>\n<div id=\"attachment_176939\" style=\"width: 699px\" class=\"wp-caption aligncenter\"><a href=\"http:\/\/www.radioluna.it\/news\/2016\/04\/latina-calcutta-canta-per-la-sua-citta\/processed-with-vscocam-with-q4-preset\/\"><img loading=\"lazy\" decoding=\"async\" aria-describedby=\"caption-attachment-176939\" class=\"size-thumbnail wp-image-176939\" src=\"http:\/\/www.radioluna.it\/news\/wp-content\/uploads\/2016\/04\/Calcutta-689x517.jpg\" alt=\"Calcutta\" width=\"689\" height=\"517\" srcset=\"https:\/\/www.radioluna.it\/news\/wp-content\/uploads\/2016\/04\/Calcutta-689x517.jpg 689w, https:\/\/www.radioluna.it\/news\/wp-content\/uploads\/2016\/04\/Calcutta-768x576.jpg 768w, https:\/\/www.radioluna.it\/news\/wp-content\/uploads\/2016\/04\/Calcutta-500x375.jpg 500w, https:\/\/www.radioluna.it\/news\/wp-content\/uploads\/2016\/04\/Calcutta-300x225.jpg 300w, https:\/\/www.radioluna.it\/news\/wp-content\/uploads\/2016\/04\/Calcutta-1024x768.jpg 1024w, https:\/\/www.radioluna.it\/news\/wp-content\/uploads\/2016\/04\/Calcutta-800x600.jpg 800w, https:\/\/www.radioluna.it\/news\/wp-content\/uploads\/2016\/04\/Calcutta.jpg 1000w\" sizes=\"auto, (max-width: 689px) 100vw, 689px\" \/><\/a><p id=\"caption-attachment-176939\" class=\"wp-caption-text\">Calcutta<\/p><\/div>\n<p style=\"text-align: justify;\"><strong>LATINA<\/strong> &#8211; Il concerto di Calcutta il cantautore di Latina che sta ottenendo un grande successo in tutta Italia, era tutto esaurito, impossibile trovare un biglietto. A Roma per l&#8217;esibizione \u00a0a Villa Ada, un fan romano che non aveva trovato il prezioso tagliando \u00a0ha cos\u00ec pensato di nuotare con una piccola tavola da una sponda all&#8217;altra del lago a Villa Ada ed \u00e8 riuscito nel suo intento: ascoltare l&#8217;esibizione di Calcutta. La notizia \u00e8 riportata dal sito The Roman Post con relativo video.<\/p>\n","protected":false},"excerpt":{"rendered":"<p>LATINA &#8211; Il concerto di Calcutta il cantautore di Latina che sta ottenendo un grande successo in tutta Italia, era tutto esaurito, impossibile trovare un biglietto. A Roma per l&#8217;esibizione \u00a0a Villa Ada, un fan romano che non aveva trovato il prezioso tagliando \u00a0ha cos\u00ec pensato di nuotare con una piccola tavola da una sponda [&hellip;]<\/p>\n","protected":false},"author":60,"featured_media":176939,"comment_status":"open","ping_status":"closed","sticky":false,"template":"","format":"standard","meta":{"footnotes":""},"categories":[735],"tags":[],"class_list":["post-180366","post","type-post","status-publish","format-standard","has-post-thumbnail","hentry","category-attualita"],"_links":{"self":[{"href":"https:\/\/www.radioluna.it\/news\/wp-json\/wp\/v2\/posts\/180366","targetHints":{"allow":["GET"]}}],"collection":[{"href":"https:\/\/www.radioluna.it\/news\/wp-json\/wp\/v2\/posts"}],"about":[{"href":"https:\/\/www.radioluna.it\/news\/wp-json\/wp\/v2\/types\/post"}],"author":[{"embeddable":true,"href":"https:\/\/www.radioluna.it\/news\/wp-json\/wp\/v2\/users\/60"}],"replies":[{"embeddable":true,"href":"https:\/\/www.radioluna.it\/news\/wp-json\/wp\/v2\/comments?post=180366"}],"version-history":[{"count":0,"href":"https:\/\/www.radioluna.it\/news\/wp-json\/wp\/v2\/posts\/180366\/revisions"}],"wp:featuredmedia":[{"embeddable":true,"href":"https:\/\/www.radioluna.it\/news\/wp-json\/wp\/v2\/media\/176939"}],"wp:attachment":[{"href":"https:\/\/www.radioluna.it\/news\/wp-json\/wp\/v2\/media?parent=180366"}],"wp:term":[{"taxonomy":"category","embeddable":true,"href":"https:\/\/www.radioluna.it\/news\/wp-json\/wp\/v2\/categories?post=180366"},{"taxonomy":"post_tag","embeddable":true,"href":"https:\/\/www.radioluna.it\/news\/wp-json\/wp\/v2\/tags?post=180366"}],"curies":[{"name":"wp","href":"https:\/\/api.w.org\/{rel}","templated":true}]}}