{"id":180383,"date":"2016-07-18T08:40:17","date_gmt":"2016-07-18T06:40:17","guid":{"rendered":"http:\/\/www.radioluna.it\/news\/?p=180383"},"modified":"2016-08-31T06:19:19","modified_gmt":"2016-08-31T04:19:19","slug":"laeronautica-la-moda-e-una-citta-preziosa","status":"publish","type":"post","link":"https:\/\/www.radioluna.it\/news\/2016\/07\/laeronautica-la-moda-e-una-citta-preziosa\/","title":{"rendered":"L&#8217;aeronautica, la moda e una Citt\u00e0 preziosa"},"content":{"rendered":"<div id=\"fb-root\"><\/div>\n<p><a href=\"http:\/\/www.radioluna.it\/news\/wp-content\/uploads\/2016\/07\/lavi-1.jpg\"><img loading=\"lazy\" decoding=\"async\" class=\"aligncenter size-full wp-image-180384\" src=\"http:\/\/www.radioluna.it\/news\/wp-content\/uploads\/2016\/07\/lavi-1.jpg\" alt=\"lavi\" width=\"532\" height=\"523\" srcset=\"https:\/\/www.radioluna.it\/news\/wp-content\/uploads\/2016\/07\/lavi-1.jpg 532w, https:\/\/www.radioluna.it\/news\/wp-content\/uploads\/2016\/07\/lavi-1-300x295.jpg 300w, https:\/\/www.radioluna.it\/news\/wp-content\/uploads\/2016\/07\/lavi-1-50x50.jpg 50w\" sizes=\"auto, (max-width: 532px) 100vw, 532px\" \/><\/a>LATINA &#8211;\u00a0Mettere a disposizione il proprio prestigio e la propria creativit\u00e0 per un fine molto importante : \u00e8 quello che fa ogni anno il mondo della moda e non solo, aderendo a iniziative charity che supportano progetti di beneficenza.<br \/>\nBrands a forte contenuto etico fioriscono finalmente anche nella citt\u00e0 di Latina, dove il concetto di moda evolve, prestando sempre pi\u00f9 attenzione a temi solidali e a scopo benefico al fine di far conoscere e trasmettere creativit\u00e0, ricerca stilistica, affinit\u00e0,connessione e sinergia della relazione vincente tra realt\u00e0 differenti sopratutto donando sostegno e supporto.<br \/>\nProgetti ambiziosi per devolvere proventi e per la valorizzazione del territorio :<br \/>\nT-shirt d&#8217;autore by ELA e IT-bag firmate Giulia Romana Designer sposano con audacia &#8220;l&#8217;utopia&#8221; de L&#8217;Aeronautica nell\u2019organizzazione di un evento artistico, sportivo, istituzionale, glamour,culturale e variegato!<br \/>\nGioved\u00ec 21 luglio presso il centro sportivo della 4\u00aa Brigata Telecomunicazioni e Sistemi per la Difesa Aerea e l\u2019Assistenza al Volo di Borgo Piave a Latina &#8220;L&#8217;Aeronautica fa volare&#8230; La moda &#8220;.<br \/>\nDalle 20:30&#8230;. Tutti in riga!<\/p>\n","protected":false},"excerpt":{"rendered":"<p>LATINA &#8211;\u00a0Mettere a disposizione il proprio prestigio e la propria creativit\u00e0 per un fine molto importante : \u00e8 quello che fa ogni anno il mondo della moda e non solo, aderendo a iniziative charity che supportano progetti di beneficenza. Brands a forte contenuto etico fioriscono finalmente anche nella citt\u00e0 di Latina, dove il concetto di [&hellip;]<\/p>\n","protected":false},"author":60,"featured_media":180384,"comment_status":"open","ping_status":"closed","sticky":false,"template":"","format":"standard","meta":{"footnotes":""},"categories":[735],"tags":[],"class_list":["post-180383","post","type-post","status-publish","format-standard","has-post-thumbnail","hentry","category-attualita"],"_links":{"self":[{"href":"https:\/\/www.radioluna.it\/news\/wp-json\/wp\/v2\/posts\/180383","targetHints":{"allow":["GET"]}}],"collection":[{"href":"https:\/\/www.radioluna.it\/news\/wp-json\/wp\/v2\/posts"}],"about":[{"href":"https:\/\/www.radioluna.it\/news\/wp-json\/wp\/v2\/types\/post"}],"author":[{"embeddable":true,"href":"https:\/\/www.radioluna.it\/news\/wp-json\/wp\/v2\/users\/60"}],"replies":[{"embeddable":true,"href":"https:\/\/www.radioluna.it\/news\/wp-json\/wp\/v2\/comments?post=180383"}],"version-history":[{"count":0,"href":"https:\/\/www.radioluna.it\/news\/wp-json\/wp\/v2\/posts\/180383\/revisions"}],"wp:featuredmedia":[{"embeddable":true,"href":"https:\/\/www.radioluna.it\/news\/wp-json\/wp\/v2\/media\/180384"}],"wp:attachment":[{"href":"https:\/\/www.radioluna.it\/news\/wp-json\/wp\/v2\/media?parent=180383"}],"wp:term":[{"taxonomy":"category","embeddable":true,"href":"https:\/\/www.radioluna.it\/news\/wp-json\/wp\/v2\/categories?post=180383"},{"taxonomy":"post_tag","embeddable":true,"href":"https:\/\/www.radioluna.it\/news\/wp-json\/wp\/v2\/tags?post=180383"}],"curies":[{"name":"wp","href":"https:\/\/api.w.org\/{rel}","templated":true}]}}