{"id":180437,"date":"2016-07-19T22:48:00","date_gmt":"2016-07-19T20:48:00","guid":{"rendered":"http:\/\/www.radioluna.it\/news\/?p=180437"},"modified":"2016-07-21T07:27:56","modified_gmt":"2016-07-21T05:27:56","slug":"incendio-a-castel-romano-inferno-di-fuoco-sulla-pontina-larteria-e-ancora-chiusa-in-entrambe-le-direzioni","status":"publish","type":"post","link":"https:\/\/www.radioluna.it\/news\/2016\/07\/incendio-a-castel-romano-inferno-di-fuoco-sulla-pontina-larteria-e-ancora-chiusa-in-entrambe-le-direzioni\/","title":{"rendered":"Mercoled\u00ec, nuovo incendio sulla Pontina, terzo giorno da incubo per pendolari e operatori. Aziende isolate"},"content":{"rendered":"<div id=\"fb-root\"><\/div>\n<p style=\"text-align: justify;\"><strong><a href=\"http:\/\/www.radioluna.it\/news\/wp-content\/uploads\/2016\/07\/pontina-1.jpg\"><img loading=\"lazy\" decoding=\"async\" class=\"aligncenter size-full wp-image-180490\" src=\"http:\/\/www.radioluna.it\/news\/wp-content\/uploads\/2016\/07\/pontina-1.jpg\" alt=\"pontina\" width=\"488\" height=\"262\" srcset=\"https:\/\/www.radioluna.it\/news\/wp-content\/uploads\/2016\/07\/pontina-1.jpg 488w, https:\/\/www.radioluna.it\/news\/wp-content\/uploads\/2016\/07\/pontina-1-300x161.jpg 300w\" sizes=\"auto, (max-width: 488px) 100vw, 488px\" \/><\/a>LATINA<\/strong> &#8211;\u00a0Un nuovo incendio \u00e8 divampato al km 24 della Pontina, pi\u00f9 o meno nella stessa zona dove luned\u00ec pomeriggio si era sviluppato il rogo che ha paralizzato la Pontina. Un altro si \u00e8 sviluppato ad Aprilia nel tardo pomeriggio, all&#8217;altezza della Abbvie, immediato l&#8217;intervento dei Vigili del fuoco. L&#8217;Astral che gestisce la strada regionale 148 in una nota avverte che la situazione \u00e8 critica e che la strada regionale rimarr\u00e0 chiusa.\u00a0Problemi come ieri anche sulla viabilit\u00e0 limitrofa al tratto dove \u00e8 deviato il traffico.<\/p>\n<p style=\"text-align: justify;\">Astral SPA e la Protezione Civile stanno, intanto, fornendo acqua e assistenza agli utenti dei veicoli fermi nel traffico, mentre sono stati allestiti due presidi sanitari: uno, in direzione Latina, al bivio per Torvaianica, l\u2019altro, in direzione Roma, in via Carlo Po.<\/p>\n<p style=\"text-align: justify;\">L\u2019Amministratore Unico di Astral Spa, ing. Antonio Mallamo, invita tutti gli utenti a scaricare l\u2019app \u201cAstral Infomobilit\u00e0\u201d \u00a0per smart phone da dove verranno date informazioni in tempo reale e di seguire tutti i canali Social e d\u2019informazione di ASTRAL INFOMOBILITA\u2019.<\/p>\n<p style=\"text-align: justify;\">ORE 8 &#8211; Dopo due giornate infernali con i pendolari rimasti imprigionati in code lunghissime, per ore nel traffico, con le temperature alte di una giornata particolarmente afosa peggiorate da alcuni piccoli roghi, \u00e8 cominciata \u00a0la terza altrettanto difficile. Proseguono sulla Pontina le potature e gli abbattimenti di alberi pericolanti, quelli colpiti dall&#8217;incendio di luned\u00ec, ed \u00e8 cominciato anche il lavoro di sostituzione del guardraill centrale nel tratto di Castel Romano, danneggiato da un pesante rogo \u00a0di luned\u00ec. Poi bisogner\u00e0 pulire la sede stradale. La riapertura del tratto \u00e8 prevista non prima del tardo pomeriggio di oggi.<\/p>\n<p style=\"text-align: justify;\">ASCOLTA il bollettino dell&#8217;Astral<\/p>\n<audio class=\"wp-audio-shortcode\" id=\"audio-180437-1\" preload=\"none\" style=\"width: 100%;\" controls=\"controls\"><source type=\"audio\/mpeg\" src=\"http:\/\/www.radioluna.it\/news\/wp-content\/uploads\/2016\/07\/infomobilit\u00e0.mp3?_=1\" \/><a href=\"http:\/\/www.radioluna.it\/news\/wp-content\/uploads\/2016\/07\/infomobilit\u00e0.mp3\">http:\/\/www.radioluna.it\/news\/wp-content\/uploads\/2016\/07\/infomobilit\u00e0.mp3<\/a><\/audio>\n<p style=\"text-align: justify;\">E&#8217; sempre l&#8217;Astral a comunicare che la strada regionale 148 Pontina rester\u00e0 chiusa ancora tra lo svincolo di Castel Romano\/Trigoria e l&#8217;uscita Pomezia Nord in entrambe le direzioni (in direzione di Roma, l&#8217; uscita obbligatoria \u00e8 in Via Naro mentre in direzione di Latina, l&#8217;uscita obbligatoria \u00e8 in Via di Castel Romano) e che la riapertura del tratto compreso tra il\u00a0km 25,700 e il km 24 avverr\u00e0 solo quando i vigili del fuoco avranno completato le verifiche di natura tecnica e dato il loro via libera.<\/p>\n<p style=\"text-align: justify;\"><strong>DANNO PER LE AZIENDE<\/strong> &#8211;\u00a0Sull\u2019incendio divampato luned\u00ec pomeriggio che ha causato la chiusura della Pontina, sono intervenuti oggi anche i vertici del Consorzio per lo Sviluppo Industriale Roma-Latina:\u00a0\u201cLa SR148 rappresenta il cordone ombelicale del sistema produttivo nell\u2019asse Roma-Latina \u2013 commenta il presidente del Consorzio, il Commendator Carlo Scarchilli \u2013 per questo gli incendi scoppiati l\u2019altro ieri, hanno creato un vero e proprio danno economico per le nostre aziende.<\/p>\n<p style=\"text-align: justify;\">Il blocco della logistica ed il rallentamento della mobilit\u00e0 delle risorse umane, infatti, oltre a creare grossi disagi ai cittadini hanno messo a dura prova un\u2019economia gi\u00e0 indebolita da una fase recessiva che stiamo superando con grande fatica.\u00a0Senza parlare del danno ambientale, l\u2019altro aspetto avvilente di questo brutto avvenimento.\u00a0Danni che sarebbero stati incalcolabili se le fiamme avessero attaccato direttamente l\u2019area industriale di Castel Romano, di fatto lambita dai roghi che hanno minacciato anche gli Studios cinematografici dove \u00e8 attiva la produzione internazionale del film Ben Hur.<\/p>\n<p style=\"text-align: justify;\">Una situazione critica tamponata grazie agli investimenti stradali che il Consorzio per lo Sviluppo Industriale Roma-Latina, di concerto con il Consorzio Castel Romano, ha fatto con la creazione e la manutenzione delle complanari\/trasversali di Castel Romano, via Trigoria, via Piscina Cupa che costituiscono anche svincolo per Fiumicino. Colgo l\u2019occasione \u2013 conclude il Presidente Scarchilli \u2013 per ringraziare tutte le decine di professionisti e volontari che hanno lavorato e stanno ancora lavorando alacremente per ripristinare la sicurezza sui luoghi colpiti, gestire la viabilit\u00e0 ed attenuare gli enormi disagi patiti da cittadini ed aziende\u201d.<\/p>\n<p style=\"text-align: justify;\"><b><a href=\"http:\/\/www.radioluna.it\/news\/wp-content\/uploads\/2016\/07\/incendio-castel-romano.jpg\"><img loading=\"lazy\" decoding=\"async\" class=\"aligncenter size-full wp-image-180438\" src=\"http:\/\/www.radioluna.it\/news\/wp-content\/uploads\/2016\/07\/incendio-castel-romano.jpg\" alt=\"incendio castel romano\" width=\"488\" height=\"262\" srcset=\"https:\/\/www.radioluna.it\/news\/wp-content\/uploads\/2016\/07\/incendio-castel-romano.jpg 488w, https:\/\/www.radioluna.it\/news\/wp-content\/uploads\/2016\/07\/incendio-castel-romano-300x161.jpg 300w\" sizes=\"auto, (max-width: 488px) 100vw, 488px\" \/><\/a><\/b><strong>LA CRONACA<\/strong> &#8211; E&#8217; stato un vero inferno il viaggio di ritorno da Roma di molti automobilisti pontini rimasti bloccati per ore nel pomeriggio di luned\u00ec sulla Pontina per un incendio che si \u00e8 sviluppato all&#8217;altezza di Castel Romano. I tempi di percorrenza hanno toccato le sette ore. Una gigantesca nuvola di fumo nero visibile anche a molta distanza ha avvolto il tratto dell&#8217;arteria interessato e l&#8217;intervento anche a causa del forte vento \u00e8 stato lungo e difficile.<\/p>\n<p style=\"text-align: justify;\">La strada \u00e8 rimasta chiusa per spegnere il rogo e lo \u00e8 ancora perch\u00e9 \u00a0&#8211; come spiega la Polizia stradale di Aprilia che ha operato sul tratto con i vigili del fuoco e la protezione civile &#8211; \u00e8 necessario ora ripulire l&#8217;arteria. Carbonizzati dal rogo gli alberi, si tratta di grossi pini, che si trovavano al centro della carreggiata tra i due guardraill: le piante vanno ora rimosse perch\u00e9 sono pericolanti. L&#8217;intervento richieder\u00e0 ore. Nel frattempo \u00a0l&#8217;arteria rester\u00e0 chiusa in entrambe i sensi di marcia con deviazioni istituite sul posto a Pomezia. Si sono create sin dalla mattina lunghe code.<\/p>\n<p style=\"text-align: justify;\">Un incendio di sterpaglia ha impegnato i vigili del fuoco nel primo pomeriggio di ieri anche nel tratto di Latina della Pontina, in Via Faggiana nei pressi dell&#8217;Icot e a Borgo Santa Maria.<\/p>\n<div class=\"radio-posizionamento-telefono-in-articoli-dopo-il-contenuto-articolo radio-entity-placement\" id=\"radio-1961935547\"><div id=\"radio-1940983714\"><a href=\"https:\/\/grupporedi.it\/\" aria-label=\"Redi-Qr\"><img loading=\"lazy\" decoding=\"async\" src=\"https:\/\/www.radioluna.it\/news\/wp-content\/uploads\/2026\/03\/Redi-Qr.jpg\" alt=\"\"  srcset=\"https:\/\/www.radioluna.it\/news\/wp-content\/uploads\/2026\/03\/Redi-Qr.jpg 800w, https:\/\/www.radioluna.it\/news\/wp-content\/uploads\/2026\/03\/Redi-Qr-768x639.jpg 768w\" sizes=\"(max-width: 800px) 100vw, 800px\" width=\"300\" height=\"250\"   \/><\/a><\/div><\/div>","protected":false},"excerpt":{"rendered":"<p>LATINA &#8211;\u00a0Un nuovo incendio \u00e8 divampato al km 24 della Pontina, pi\u00f9 o meno nella stessa zona dove luned\u00ec pomeriggio si era sviluppato il rogo che ha paralizzato la Pontina. Un altro si \u00e8 sviluppato ad Aprilia nel tardo pomeriggio, all&#8217;altezza della Abbvie, immediato l&#8217;intervento dei Vigili del fuoco. L&#8217;Astral che gestisce la strada regionale [&hellip;]<\/p>\n","protected":false},"author":62,"featured_media":180489,"comment_status":"open","ping_status":"closed","sticky":false,"template":"","format":"standard","meta":{"footnotes":""},"categories":[2310,7],"tags":[],"class_list":["post-180437","post","type-post","status-publish","format-standard","has-post-thumbnail","hentry","category-audio","category-cronaca"],"_links":{"self":[{"href":"https:\/\/www.radioluna.it\/news\/wp-json\/wp\/v2\/posts\/180437","targetHints":{"allow":["GET"]}}],"collection":[{"href":"https:\/\/www.radioluna.it\/news\/wp-json\/wp\/v2\/posts"}],"about":[{"href":"https:\/\/www.radioluna.it\/news\/wp-json\/wp\/v2\/types\/post"}],"author":[{"embeddable":true,"href":"https:\/\/www.radioluna.it\/news\/wp-json\/wp\/v2\/users\/62"}],"replies":[{"embeddable":true,"href":"https:\/\/www.radioluna.it\/news\/wp-json\/wp\/v2\/comments?post=180437"}],"version-history":[{"count":0,"href":"https:\/\/www.radioluna.it\/news\/wp-json\/wp\/v2\/posts\/180437\/revisions"}],"wp:featuredmedia":[{"embeddable":true,"href":"https:\/\/www.radioluna.it\/news\/wp-json\/wp\/v2\/media\/180489"}],"wp:attachment":[{"href":"https:\/\/www.radioluna.it\/news\/wp-json\/wp\/v2\/media?parent=180437"}],"wp:term":[{"taxonomy":"category","embeddable":true,"href":"https:\/\/www.radioluna.it\/news\/wp-json\/wp\/v2\/categories?post=180437"},{"taxonomy":"post_tag","embeddable":true,"href":"https:\/\/www.radioluna.it\/news\/wp-json\/wp\/v2\/tags?post=180437"}],"curies":[{"name":"wp","href":"https:\/\/api.w.org\/{rel}","templated":true}]}}