{"id":181292,"date":"2016-08-11T01:14:02","date_gmt":"2016-08-10T23:14:02","guid":{"rendered":"http:\/\/www.radioluna.it\/news\/?p=181292"},"modified":"2016-08-11T10:55:50","modified_gmt":"2016-08-11T08:55:50","slug":"latina-partecipera-alla-maratona-sul-clima","status":"publish","type":"post","link":"https:\/\/www.radioluna.it\/news\/2016\/08\/latina-partecipera-alla-maratona-sul-clima\/","title":{"rendered":"Latina parteciper\u00e0 alla maratona sul clima"},"content":{"rendered":"<div id=\"fb-root\"><\/div>\n<p style=\"text-align: justify;\"><a href=\"http:\/\/www.radioluna.it\/news\/2016\/04\/latina-nel-bilancio-comunale-tariffe-rifiuti-ridotte-del-70-per-le-fasce-deboli\/comune-5\/\"><img loading=\"lazy\" decoding=\"async\" class=\"aligncenter size-thumbnail wp-image-177248\" src=\"http:\/\/www.radioluna.it\/news\/wp-content\/uploads\/2016\/04\/Comune-689x458.jpg\" alt=\"Comune\" width=\"689\" height=\"458\" srcset=\"https:\/\/www.radioluna.it\/news\/wp-content\/uploads\/2016\/04\/Comune-689x458.jpg 689w, https:\/\/www.radioluna.it\/news\/wp-content\/uploads\/2016\/04\/Comune-300x200.jpg 300w, https:\/\/www.radioluna.it\/news\/wp-content\/uploads\/2016\/04\/Comune.jpg 800w\" sizes=\"auto, (max-width: 689px) 100vw, 689px\" \/><\/a><\/p>\n<p style=\"text-align: justify;\"><strong>LATINA<\/strong> &#8211; Adesso \u00e8 ufficiale, ci sar\u00e0 Latina alla pi\u00f9 importante maratona mondiale per il clima: Climathon<strong> e\u00a0<\/strong> sar\u00e0\u00a0l\u2019unica citt\u00e0 del centro e sud Italia ad avere aderito all\u2019iniziativa in programma il 28 ottobre<strong>. <\/strong>L\u2019evento \u00e8 promosso da Climate-KIC<em>, <\/em>il pi\u00f9 grande partenariato europeo per l\u2019innovazione pubblico-privata nato\u00a0nel 2010 dall\u2019Istituto dell\u2019Unione europea di innovazione e tecnologia (EIT). Crescita sostenibile e innovazione, le parole d\u2019ordine; il tutto al servizio di un percorso comune diretto verso nuove soluzioni di prevenzione ambientale e<strong> dei <\/strong>cambiamenti climatici. Un contenitore di idee che implica anche diversi spunti\u00a0per stimolare una riflessione sulle opportunit\u00e0 e sui risvolti economico-occupazionali che ne possono derivare. \u201cGOL \u2013 Green Opportunities in Latina: l\u2019azione per il clima aiuta lo sviluppo locale\u201d \u00e8 la denominazione pensata per l\u2019occasione. Una giornata che punta a canalizzare le forze dei vari attori in questione: la comunit\u00e0 scientifica locale e nazionale interessata, le Istituzioni locali e la societ\u00e0 civile. L\u2019obiettivo \u00e8 quello di produrre un primo documento condiviso che possa essere posto alla base di un programma di sviluppo.<\/p>\n","protected":false},"excerpt":{"rendered":"<p>LATINA &#8211; Adesso \u00e8 ufficiale, ci sar\u00e0 Latina alla pi\u00f9 importante maratona mondiale per il clima: Climathon e\u00a0 sar\u00e0\u00a0l\u2019unica citt\u00e0 del centro e sud Italia ad avere aderito all\u2019iniziativa in programma il 28 ottobre. L\u2019evento \u00e8 promosso da Climate-KIC, il pi\u00f9 grande partenariato europeo per l\u2019innovazione pubblico-privata nato\u00a0nel 2010 dall\u2019Istituto dell\u2019Unione europea di innovazione e [&hellip;]<\/p>\n","protected":false},"author":60,"featured_media":177248,"comment_status":"open","ping_status":"closed","sticky":false,"template":"","format":"standard","meta":{"footnotes":""},"categories":[12],"tags":[],"class_list":["post-181292","post","type-post","status-publish","format-standard","has-post-thumbnail","hentry","category-ambiente"],"_links":{"self":[{"href":"https:\/\/www.radioluna.it\/news\/wp-json\/wp\/v2\/posts\/181292","targetHints":{"allow":["GET"]}}],"collection":[{"href":"https:\/\/www.radioluna.it\/news\/wp-json\/wp\/v2\/posts"}],"about":[{"href":"https:\/\/www.radioluna.it\/news\/wp-json\/wp\/v2\/types\/post"}],"author":[{"embeddable":true,"href":"https:\/\/www.radioluna.it\/news\/wp-json\/wp\/v2\/users\/60"}],"replies":[{"embeddable":true,"href":"https:\/\/www.radioluna.it\/news\/wp-json\/wp\/v2\/comments?post=181292"}],"version-history":[{"count":0,"href":"https:\/\/www.radioluna.it\/news\/wp-json\/wp\/v2\/posts\/181292\/revisions"}],"wp:featuredmedia":[{"embeddable":true,"href":"https:\/\/www.radioluna.it\/news\/wp-json\/wp\/v2\/media\/177248"}],"wp:attachment":[{"href":"https:\/\/www.radioluna.it\/news\/wp-json\/wp\/v2\/media?parent=181292"}],"wp:term":[{"taxonomy":"category","embeddable":true,"href":"https:\/\/www.radioluna.it\/news\/wp-json\/wp\/v2\/categories?post=181292"},{"taxonomy":"post_tag","embeddable":true,"href":"https:\/\/www.radioluna.it\/news\/wp-json\/wp\/v2\/tags?post=181292"}],"curies":[{"name":"wp","href":"https:\/\/api.w.org\/{rel}","templated":true}]}}