{"id":181425,"date":"2016-08-16T20:40:37","date_gmt":"2016-08-16T18:40:37","guid":{"rendered":"http:\/\/www.radioluna.it\/news\/?p=181425"},"modified":"2016-08-17T12:13:21","modified_gmt":"2016-08-17T10:13:21","slug":"grave-incidente-stradale-sulla-pontina-a-terracina","status":"publish","type":"post","link":"https:\/\/www.radioluna.it\/news\/2016\/08\/grave-incidente-stradale-sulla-pontina-a-terracina\/","title":{"rendered":"Incidente stradale a Terracina, ferita una bambina di un anno: \u00e8 grave"},"content":{"rendered":"<div id=\"fb-root\"><\/div>\n<p style=\"text-align: justify;\"><strong><a href=\"http:\/\/www.radioluna.it\/news\/wp-content\/uploads\/2016\/08\/incidente-terracina.jpg\"><img loading=\"lazy\" decoding=\"async\" class=\"aligncenter size-thumbnail wp-image-181435\" src=\"http:\/\/www.radioluna.it\/news\/wp-content\/uploads\/2016\/08\/incidente-terracina-689x416.jpg\" alt=\"incidente terracina\" width=\"689\" height=\"416\" srcset=\"https:\/\/www.radioluna.it\/news\/wp-content\/uploads\/2016\/08\/incidente-terracina-689x416.jpg 689w, https:\/\/www.radioluna.it\/news\/wp-content\/uploads\/2016\/08\/incidente-terracina-300x181.jpg 300w, https:\/\/www.radioluna.it\/news\/wp-content\/uploads\/2016\/08\/incidente-terracina-768x464.jpg 768w, https:\/\/www.radioluna.it\/news\/wp-content\/uploads\/2016\/08\/incidente-terracina-1024x619.jpg 1024w, https:\/\/www.radioluna.it\/news\/wp-content\/uploads\/2016\/08\/incidente-terracina-800x483.jpg 800w, https:\/\/www.radioluna.it\/news\/wp-content\/uploads\/2016\/08\/incidente-terracina.jpg 1064w\" sizes=\"auto, (max-width: 689px) 100vw, 689px\" \/><\/a>TERRACINA<\/strong> &#8211;\u00a0 Sono gravi le condizioni della bambina di un anno rimasta ferita questa mattina in un incidente stradale che si \u00e8 verificato sulla 148 Pontina nel tratto di Terracina. Nell&#8217;impatto tra due auto avvenuto probabilmente in fase di sorpasso una bimba di un anno \u00e8 rimasta ferita. Soccorsa \u00e8 stata rianimata da un vigile del fuoco (in servizio discontinuo). L&#8217;uomo infatti \u00e8 un infermiere professionale.<\/p>\n<div id=\"attachment_181436\" style=\"width: 231px\" class=\"wp-caption alignleft\"><a href=\"http:\/\/www.radioluna.it\/news\/wp-content\/uploads\/2016\/08\/augelli.jpg\"><img loading=\"lazy\" decoding=\"async\" aria-describedby=\"caption-attachment-181436\" class=\"size-full wp-image-181436\" src=\"http:\/\/www.radioluna.it\/news\/wp-content\/uploads\/2016\/08\/augelli.jpg\" alt=\"Carlo Augelli\" width=\"221\" height=\"291\" \/><\/a><p id=\"caption-attachment-181436\" class=\"wp-caption-text\">Carlo Augelli<\/p><\/div>\n<p style=\"text-align: justify;\">Carlo Augelli, questo il nome del soccorritore, avendo assistito allo scontro si \u00e8 immediatamente fermato per prestare soccorso alla piccola, l&#8217;ha rianimata quando era ferita gravemente e priva di sensi, in attesa che arrivassero i mezzi dell&#8217;ermergenza sanitaria. Nell&#8217;incidente \u00a0avvenuto\u00a0\u00a0al km 108,400, \u00a0sono rimaste ferite altre tre persone tutte trasportate in codice rosso al Goretti di Latina e al San Giovanni di Dio di Fondi. A preoccupare di pi\u00f9 sono le condizioni della piccina che ha riportato delle ferite molto serie, nelle prossime ore il suo quadro clinico sar\u00f2 pi\u00f9 chiaro, i medici non hanno sciolto la prognosi. Nell&#8217;impatto coinvolta anche una terza auto. Sul posto sono stati inviate autoambulanze, automediche, l&#8217;eliambulanza e un mezzo dei vigili del fuoco.<\/p>\n<p>&nbsp;<\/p>\n","protected":false},"excerpt":{"rendered":"<p>TERRACINA &#8211;\u00a0 Sono gravi le condizioni della bambina di un anno rimasta ferita questa mattina in un incidente stradale che si \u00e8 verificato sulla 148 Pontina nel tratto di Terracina. Nell&#8217;impatto tra due auto avvenuto probabilmente in fase di sorpasso una bimba di un anno \u00e8 rimasta ferita. Soccorsa \u00e8 stata rianimata da un vigile [&hellip;]<\/p>\n","protected":false},"author":62,"featured_media":181435,"comment_status":"open","ping_status":"closed","sticky":false,"template":"","format":"standard","meta":{"footnotes":""},"categories":[7],"tags":[],"class_list":["post-181425","post","type-post","status-publish","format-standard","has-post-thumbnail","hentry","category-cronaca"],"_links":{"self":[{"href":"https:\/\/www.radioluna.it\/news\/wp-json\/wp\/v2\/posts\/181425","targetHints":{"allow":["GET"]}}],"collection":[{"href":"https:\/\/www.radioluna.it\/news\/wp-json\/wp\/v2\/posts"}],"about":[{"href":"https:\/\/www.radioluna.it\/news\/wp-json\/wp\/v2\/types\/post"}],"author":[{"embeddable":true,"href":"https:\/\/www.radioluna.it\/news\/wp-json\/wp\/v2\/users\/62"}],"replies":[{"embeddable":true,"href":"https:\/\/www.radioluna.it\/news\/wp-json\/wp\/v2\/comments?post=181425"}],"version-history":[{"count":0,"href":"https:\/\/www.radioluna.it\/news\/wp-json\/wp\/v2\/posts\/181425\/revisions"}],"wp:featuredmedia":[{"embeddable":true,"href":"https:\/\/www.radioluna.it\/news\/wp-json\/wp\/v2\/media\/181435"}],"wp:attachment":[{"href":"https:\/\/www.radioluna.it\/news\/wp-json\/wp\/v2\/media?parent=181425"}],"wp:term":[{"taxonomy":"category","embeddable":true,"href":"https:\/\/www.radioluna.it\/news\/wp-json\/wp\/v2\/categories?post=181425"},{"taxonomy":"post_tag","embeddable":true,"href":"https:\/\/www.radioluna.it\/news\/wp-json\/wp\/v2\/tags?post=181425"}],"curies":[{"name":"wp","href":"https:\/\/api.w.org\/{rel}","templated":true}]}}