{"id":181462,"date":"2016-08-17T14:20:38","date_gmt":"2016-08-17T12:20:38","guid":{"rendered":"http:\/\/www.radioluna.it\/news\/?p=181462"},"modified":"2016-08-17T14:20:38","modified_gmt":"2016-08-17T12:20:38","slug":"liberta-e-partecipazione","status":"publish","type":"post","link":"https:\/\/www.radioluna.it\/news\/2016\/08\/liberta-e-partecipazione\/","title":{"rendered":"LIBERTA&#8217; E&#8217; PARTECIPAZIONE"},"content":{"rendered":"<div id=\"fb-root\"><\/div>\n<p style=\"text-align: justify;\"><a href=\"http:\/\/www.radioluna.it\/news\/wp-content\/uploads\/2016\/03\/angela-Iantosca.jpg\"><img loading=\"lazy\" decoding=\"async\" class=\"aligncenter size-full wp-image-175444\" src=\"http:\/\/www.radioluna.it\/news\/wp-content\/uploads\/2016\/03\/angela-Iantosca.jpg\" alt=\"angela Iantosca\" width=\"640\" height=\"400\" srcset=\"https:\/\/www.radioluna.it\/news\/wp-content\/uploads\/2016\/03\/angela-Iantosca.jpg 640w, https:\/\/www.radioluna.it\/news\/wp-content\/uploads\/2016\/03\/angela-Iantosca-500x313.jpg 500w, https:\/\/www.radioluna.it\/news\/wp-content\/uploads\/2016\/03\/angela-Iantosca-300x188.jpg 300w\" sizes=\"auto, (max-width: 640px) 100vw, 640px\" \/><\/a>C\u2019\u00e8 chi parte, chi rimane, chi non ha i soldi, chi ne ha troppi, chi si annoia e chi si diverte con poco. \u00c8 questa l\u2019estate, un periodo lunghissimo di riposo per i giovani e un concentrato di relax in pochi giorni per gli adulti.<\/p>\n<p style=\"text-align: justify;\">Ma l\u2019estate \u00e8 anche un momento di impegno. \u00c8 un momento in cui non rimandare all\u2019inverno le decisioni, la voglia di esserci, \u00e8 un periodo in cui dimostrare ancora di pi\u00f9 da che parte si vuole stare.<\/p>\n<p style=\"text-align: justify;\">Un\u2019occasione ci viene dallo stabilimento balneare Belvedere di Nettuno, sequestrato recentemente a un imprenditore locale ora agli arresti domiciliari.<\/p>\n<p style=\"text-align: justify;\">Nello stabilimento, all\u2019indomani del sequestro, \u00e8 subentrata l\u2019amministrazione giudiziaria che, fino a met\u00e0 luglio, con i lavoratori gi\u00e0 presenti, ha proseguito normalmente le attivit\u00e0. Tuttavia, poco prima di met\u00e0 luglio, i dipendenti si sono licenziati in massa. Lo stabilimento \u00e8 rimasto chiuso una settimana, creando non pochi disagi a chi aveva pagato l\u2019abbonamento per tutta la stagione. Grazie all\u2019interesse dell&#8217;amministrazione giudiziaria e la preoccupazione del\u2019amministrazione comunale di Nettuno, il Tribunale di Roma ha affidato alla cooperativa Formula sociale la possibilit\u00e0 di lavorare nello stabilimento.<\/p>\n<p>Ma se andate al Belvedere troverete, oltre alla cooperativa di lavoratori, anche le associazioni del territorio, da Libera all\u2019agesci, dagli scout alla Cngei: giovani e meno giovani che stanno mettendo a disposizione le loro vacanze e il loro desiderio di cambiare le cose per dare una mano almeno fino a fine stagione, il 15 settembre, creando nello stabilimento un presidio di legalit\u00e0.<\/p>\n<p>Come ci spiega Alessandro Magliozzi del Presidio LIBERA Don Cesare Boschin Anzio-Nettuno ASCOLTA<\/p>\n<p><audio class=\"wp-audio-shortcode\" id=\"audio-181462-1\" preload=\"none\" style=\"width: 100%;\" controls=\"controls\"><source type=\"audio\/mpeg\" src=\"http:\/\/www.radioluna.it\/news\/wp-content\/uploads\/2016\/08\/radio-libera-per-sito-2.mp3?_=1\" \/><a href=\"http:\/\/www.radioluna.it\/news\/wp-content\/uploads\/2016\/08\/radio-libera-per-sito-2.mp3\">http:\/\/www.radioluna.it\/news\/wp-content\/uploads\/2016\/08\/radio-libera-per-sito-2.mp3<\/a><\/audio><br \/>\nL\u2019invito dunque \u00e8 quello di esserci, di chiedere informazioni, di dare dignit\u00e0 morale alla spiaggia, di proseguire il cammino dei 100 passi, perch\u00e9 si pu\u00f2 andare in vacanza da tutto tranne che dalla consapevolezza e dalla partecipazione<\/p>\n","protected":false},"excerpt":{"rendered":"<p>C\u2019\u00e8 chi parte, chi rimane, chi non ha i soldi, chi ne ha troppi, chi si annoia e chi si diverte con poco. \u00c8 questa l\u2019estate, un periodo lunghissimo di riposo per i giovani e un concentrato di relax in pochi giorni per gli adulti. Ma l\u2019estate \u00e8 anche un momento di impegno. \u00c8 un [&hellip;]<\/p>\n","protected":false},"author":5438,"featured_media":175444,"comment_status":"open","ping_status":"closed","sticky":false,"template":"","format":"standard","meta":{"footnotes":""},"categories":[2310,2359],"tags":[],"class_list":["post-181462","post","type-post","status-publish","format-standard","has-post-thumbnail","hentry","category-audio","category-radio-libera"],"_links":{"self":[{"href":"https:\/\/www.radioluna.it\/news\/wp-json\/wp\/v2\/posts\/181462","targetHints":{"allow":["GET"]}}],"collection":[{"href":"https:\/\/www.radioluna.it\/news\/wp-json\/wp\/v2\/posts"}],"about":[{"href":"https:\/\/www.radioluna.it\/news\/wp-json\/wp\/v2\/types\/post"}],"author":[{"embeddable":true,"href":"https:\/\/www.radioluna.it\/news\/wp-json\/wp\/v2\/users\/5438"}],"replies":[{"embeddable":true,"href":"https:\/\/www.radioluna.it\/news\/wp-json\/wp\/v2\/comments?post=181462"}],"version-history":[{"count":0,"href":"https:\/\/www.radioluna.it\/news\/wp-json\/wp\/v2\/posts\/181462\/revisions"}],"wp:featuredmedia":[{"embeddable":true,"href":"https:\/\/www.radioluna.it\/news\/wp-json\/wp\/v2\/media\/175444"}],"wp:attachment":[{"href":"https:\/\/www.radioluna.it\/news\/wp-json\/wp\/v2\/media?parent=181462"}],"wp:term":[{"taxonomy":"category","embeddable":true,"href":"https:\/\/www.radioluna.it\/news\/wp-json\/wp\/v2\/categories?post=181462"},{"taxonomy":"post_tag","embeddable":true,"href":"https:\/\/www.radioluna.it\/news\/wp-json\/wp\/v2\/tags?post=181462"}],"curies":[{"name":"wp","href":"https:\/\/api.w.org\/{rel}","templated":true}]}}