{"id":181776,"date":"2016-08-26T18:40:54","date_gmt":"2016-08-26T16:40:54","guid":{"rendered":"http:\/\/www.radioluna.it\/news\/?p=181776"},"modified":"2016-08-27T11:55:38","modified_gmt":"2016-08-27T09:55:38","slug":"calcio-vivarini-domani-concentrazione-alta","status":"publish","type":"post","link":"https:\/\/www.radioluna.it\/news\/2016\/08\/calcio-vivarini-domani-concentrazione-alta\/","title":{"rendered":"Calcio, Vivarini: concentrazione alta"},"content":{"rendered":"<div id=\"fb-root\"><\/div>\n<p style=\"text-align: justify;\"><a href=\"http:\/\/www.radioluna.it\/news\/2011\/07\/aprilia-calcio-vivarini-e-il-nuovo-allenatore\/vivarini\/\"><img loading=\"lazy\" decoding=\"async\" class=\"aligncenter wp-image-106518 size-full\" src=\"http:\/\/www.radioluna.it\/news\/wp-content\/uploads\/2011\/07\/vivarini.jpg\" alt=\"vivarini\" width=\"520\" height=\"600\" \/><\/a><\/p>\n<p style=\"text-align: justify;\">LATINA &#8211; \u00a0<span style=\"color: #333333;\"><span style=\"font-family: Georgia, 'Times New Roman', 'Bitstream Charter', Times, serif;\"><span style=\"font-size: medium;\">Ancora poche ore e per il Latina inizier\u00e0 il quarto campionato in serie B. Non poteva esserci inizio pi\u00f9 difficile per la squadra di Vincenzo Vivarini che sar\u00e0 di scena al Bentegodi di Verona contro l&#8217;Hellas allenata dall&#8217;ex Fabio Pecchia che in conferenza stampa ha ammesso che per lui non sar\u00e0 una partita come tutte le altre. L&#8217;allenatore di Lenola infatti ha portato il Latina alle porte dei play off per la serie B, vinti poi con Sanderra in panchina. I veneti che sono retrocessi dalla serie A, puntano ad un campionato di vertice, il Latina cerca invece una salvezza tranquilla senza patemi d&#8217;animo. &lt;Meglio incontrare il Verona adesso che quando sar\u00e0 una squadra collaudata \u2013 ha detto oggi in conferenza stampa l&#8217;allenatore del Latina Vincenzo Vivarini \u2013 i nostri avversari hanno individualit\u00e0 sopra la media ma il calcio insegna che pu\u00f2 sempre succedere di tutto. Domani dovremmo fare di necessit\u00e0 virt\u00f9. Dobbiamo essere concentrati e abbiamo lavorato molto sull&#8217;aspetto difensivo&gt;.\u00a0<\/span><\/span><\/span><\/p>\n<p style=\"text-align: justify;\">Questi i convocati:\u00a0Pinsoglio, Sottoriva, Tonti, Acosty, Amadio, Ammari, Boakye, Brosco, Celli, Criscuolo, De Vitis, Dellafiore, D\u2019Urso, Esposito, Garcia Tena, Maciucca, Mariga, Paponi, Rocca, Rolando, Scaglia. Gli indisponibili sono:\u00a0Jefferson, Bandinelli, Corvia, Marchionni, Moretti. Non sar\u00e0 della partita Bruscagin che \u00e8 squalificato.<\/p>\n<p>&nbsp;<\/p>\n","protected":false},"excerpt":{"rendered":"<p>LATINA &#8211; \u00a0Ancora poche ore e per il Latina inizier\u00e0 il quarto campionato in serie B. Non poteva esserci inizio pi\u00f9 difficile per la squadra di Vincenzo Vivarini che sar\u00e0 di scena al Bentegodi di Verona contro l&#8217;Hellas allenata dall&#8217;ex Fabio Pecchia che in conferenza stampa ha ammesso che per lui non sar\u00e0 una partita [&hellip;]<\/p>\n","protected":false},"author":60,"featured_media":0,"comment_status":"open","ping_status":"closed","sticky":false,"template":"","format":"standard","meta":{"footnotes":""},"categories":[17],"tags":[],"class_list":["post-181776","post","type-post","status-publish","format-standard","hentry","category-sport"],"_links":{"self":[{"href":"https:\/\/www.radioluna.it\/news\/wp-json\/wp\/v2\/posts\/181776","targetHints":{"allow":["GET"]}}],"collection":[{"href":"https:\/\/www.radioluna.it\/news\/wp-json\/wp\/v2\/posts"}],"about":[{"href":"https:\/\/www.radioluna.it\/news\/wp-json\/wp\/v2\/types\/post"}],"author":[{"embeddable":true,"href":"https:\/\/www.radioluna.it\/news\/wp-json\/wp\/v2\/users\/60"}],"replies":[{"embeddable":true,"href":"https:\/\/www.radioluna.it\/news\/wp-json\/wp\/v2\/comments?post=181776"}],"version-history":[{"count":0,"href":"https:\/\/www.radioluna.it\/news\/wp-json\/wp\/v2\/posts\/181776\/revisions"}],"wp:attachment":[{"href":"https:\/\/www.radioluna.it\/news\/wp-json\/wp\/v2\/media?parent=181776"}],"wp:term":[{"taxonomy":"category","embeddable":true,"href":"https:\/\/www.radioluna.it\/news\/wp-json\/wp\/v2\/categories?post=181776"},{"taxonomy":"post_tag","embeddable":true,"href":"https:\/\/www.radioluna.it\/news\/wp-json\/wp\/v2\/tags?post=181776"}],"curies":[{"name":"wp","href":"https:\/\/api.w.org\/{rel}","templated":true}]}}