{"id":181812,"date":"2016-08-29T00:08:15","date_gmt":"2016-08-28T22:08:15","guid":{"rendered":"http:\/\/www.radioluna.it\/news\/?p=181812"},"modified":"2016-08-29T00:08:15","modified_gmt":"2016-08-28T22:08:15","slug":"vivarini-verona-superiore-dobbiamo-migliorare-su-molte-cose","status":"publish","type":"post","link":"https:\/\/www.radioluna.it\/news\/2016\/08\/vivarini-verona-superiore-dobbiamo-migliorare-su-molte-cose\/","title":{"rendered":"Vivarini: Verona superiore, dobbiamo migliorare su molte cose"},"content":{"rendered":"<div id=\"fb-root\"><\/div>\n<p style=\"text-align: justify;\"><a href=\"http:\/\/www.radioluna.it\/news\/?attachment_id=181813\"><img loading=\"lazy\" decoding=\"async\" class=\"aligncenter size-thumbnail wp-image-181813\" src=\"http:\/\/www.radioluna.it\/news\/wp-content\/uploads\/2016\/08\/20160827_232046_442455_16179872-689x473.jpg\" alt=\"20160827_232046_442455_16179872\" width=\"689\" height=\"473\" srcset=\"https:\/\/www.radioluna.it\/news\/wp-content\/uploads\/2016\/08\/20160827_232046_442455_16179872-689x473.jpg 689w, https:\/\/www.radioluna.it\/news\/wp-content\/uploads\/2016\/08\/20160827_232046_442455_16179872-300x206.jpg 300w, https:\/\/www.radioluna.it\/news\/wp-content\/uploads\/2016\/08\/20160827_232046_442455_16179872.jpg 720w\" sizes=\"auto, (max-width: 689px) 100vw, 689px\" \/><\/a><\/p>\n<p style=\"text-align: justify;\"><strong>LATINA &#8211;<\/strong> &lt;L<i>\u2019i<\/i>mpatto del Verona sulla partita \u00e8 stato molto forte e ci ha creato molti problemi&gt;. E&#8217; questo il commento del tecnico del Latina Vincenzo Vivarini dopo la sconfitta per 4-1 contro l&#8217;Hellas Verona nella prima giornata di campionato.\u00a0 La squadra allenata da Fabio Pecchia \u00e8 stata nettamente superiore al Latina. &lt;Avevano tocco di palla, qualit\u00e0 e impatto fisico superiori al nostro ed effettivamente siamo andati in difficolt\u00e0. Abbiamo fatto diverse cose positive ma non va nascosto che dobbiamo migliorare in tante cose. Sotto l\u2019aspetto fisico abbiamo subito tantissimo, abbiamo cercato di mantenere il gioco e tenere alto il campo nonostante l\u2019utilizzo di tanti giovani. Dobbiamo crescere per fare un campionato all\u2019altezza &#8211; ha detto Vivarini &#8211;\u00a0 Il Verona ha vinto tutti i contrasti e i duelli individuali, di conseguenza riusciva sempre a costruire il gioco mentre noi lo abbiamo fatto di meno&gt;. Il Latina riprender\u00e0 ad allenarsi in vista dell&#8217;incontro di domenica contro lo Spezia, marted\u00ec alle 17,30 all&#8217;ex Fulgorcavi.<\/p>\n","protected":false},"excerpt":{"rendered":"<p>LATINA &#8211; &lt;L\u2019impatto del Verona sulla partita \u00e8 stato molto forte e ci ha creato molti problemi&gt;. E&#8217; questo il commento del tecnico del Latina Vincenzo Vivarini dopo la sconfitta per 4-1 contro l&#8217;Hellas Verona nella prima giornata di campionato.\u00a0 La squadra allenata da Fabio Pecchia \u00e8 stata nettamente superiore al Latina. &lt;Avevano tocco di [&hellip;]<\/p>\n","protected":false},"author":60,"featured_media":181813,"comment_status":"open","ping_status":"closed","sticky":false,"template":"","format":"standard","meta":{"footnotes":""},"categories":[17],"tags":[],"class_list":["post-181812","post","type-post","status-publish","format-standard","has-post-thumbnail","hentry","category-sport"],"_links":{"self":[{"href":"https:\/\/www.radioluna.it\/news\/wp-json\/wp\/v2\/posts\/181812","targetHints":{"allow":["GET"]}}],"collection":[{"href":"https:\/\/www.radioluna.it\/news\/wp-json\/wp\/v2\/posts"}],"about":[{"href":"https:\/\/www.radioluna.it\/news\/wp-json\/wp\/v2\/types\/post"}],"author":[{"embeddable":true,"href":"https:\/\/www.radioluna.it\/news\/wp-json\/wp\/v2\/users\/60"}],"replies":[{"embeddable":true,"href":"https:\/\/www.radioluna.it\/news\/wp-json\/wp\/v2\/comments?post=181812"}],"version-history":[{"count":0,"href":"https:\/\/www.radioluna.it\/news\/wp-json\/wp\/v2\/posts\/181812\/revisions"}],"wp:featuredmedia":[{"embeddable":true,"href":"https:\/\/www.radioluna.it\/news\/wp-json\/wp\/v2\/media\/181813"}],"wp:attachment":[{"href":"https:\/\/www.radioluna.it\/news\/wp-json\/wp\/v2\/media?parent=181812"}],"wp:term":[{"taxonomy":"category","embeddable":true,"href":"https:\/\/www.radioluna.it\/news\/wp-json\/wp\/v2\/categories?post=181812"},{"taxonomy":"post_tag","embeddable":true,"href":"https:\/\/www.radioluna.it\/news\/wp-json\/wp\/v2\/tags?post=181812"}],"curies":[{"name":"wp","href":"https:\/\/api.w.org\/{rel}","templated":true}]}}