{"id":181917,"date":"2016-09-01T08:33:19","date_gmt":"2016-09-01T06:33:19","guid":{"rendered":"http:\/\/www.radioluna.it\/news\/?p=181917"},"modified":"2016-09-02T09:53:44","modified_gmt":"2016-09-02T07:53:44","slug":"latina-muore-in-un-incidente-limprenditore-florian","status":"publish","type":"post","link":"https:\/\/www.radioluna.it\/news\/2016\/09\/latina-muore-in-un-incidente-limprenditore-florian\/","title":{"rendered":"Latina, muore in un incidente stradale l&#8217;imprenditore Mario Florian, aveva 45 anni"},"content":{"rendered":"<div id=\"fb-root\"><\/div>\n<p><a href=\"http:\/\/www.radioluna.it\/news\/wp-content\/uploads\/2016\/09\/Incidente-Florian.jpg\"><img loading=\"lazy\" decoding=\"async\" class=\"aligncenter wp-image-181920 size-thumbnail\" src=\"http:\/\/www.radioluna.it\/news\/wp-content\/uploads\/2016\/09\/Incidente-Florian-689x459.jpg\" alt=\"Incidente mortale Via del Piccarello, la vittima un noto imprenditore di Latina: Mario Florian - EdeDPhotos\/ENRICO de DIVITIIS Fotografo\" width=\"689\" height=\"459\" srcset=\"https:\/\/www.radioluna.it\/news\/wp-content\/uploads\/2016\/09\/Incidente-Florian-689x459.jpg 689w, https:\/\/www.radioluna.it\/news\/wp-content\/uploads\/2016\/09\/Incidente-Florian-300x200.jpg 300w, https:\/\/www.radioluna.it\/news\/wp-content\/uploads\/2016\/09\/Incidente-Florian-768x512.jpg 768w, https:\/\/www.radioluna.it\/news\/wp-content\/uploads\/2016\/09\/Incidente-Florian-1024x683.jpg 1024w, https:\/\/www.radioluna.it\/news\/wp-content\/uploads\/2016\/09\/Incidente-Florian-800x534.jpg 800w, https:\/\/www.radioluna.it\/news\/wp-content\/uploads\/2016\/09\/Incidente-Florian.jpg 1600w\" sizes=\"auto, (max-width: 689px) 100vw, 689px\" \/><\/a><\/p>\n<p style=\"text-align: justify;\"><strong>LATINA\u00a0<\/strong>&#8211; Un grave incidente stradale \u00e8 avvenuto nella notte, a Latina in via delle Rose al Piccarello, una Saab Cabrio per cause da accertare da parte della polizia \u00e8 uscita fuori strada. Al volante dell&#8217;auto c&#8217;era \u00a0Mario Florian, \u00a045 anni del capoluogo che \u00a0\u00e8 stato sbalzato dalla vettura e nella terribile carambola, secondo i rilievi della polizia, \u00e8 stato poi travolto dalla sua stessa auto,, perdendo la vita. Immediatamente \u00e8 scattato l&#8217;allarme ai vigili del fuoco e al 118. La vittima era molto conosciuta in citt\u00e0, Florian era proprietario di un bar in pieno centro in via Fratelli Bandiera. (foto propriet\u00e0 Radio Luna). In basso la vittima (foto Facebook)<\/p>\n<p style=\"text-align: justify;\"><a href=\"http:\/\/www.radioluna.it\/news\/wp-content\/uploads\/2016\/09\/Florian-4.jpg\"><img loading=\"lazy\" decoding=\"async\" class=\"wp-image-181926 aligncenter\" src=\"http:\/\/www.radioluna.it\/news\/wp-content\/uploads\/2016\/09\/Florian-4.jpg\" alt=\"Florian 4\" width=\"689\" height=\"673\" srcset=\"https:\/\/www.radioluna.it\/news\/wp-content\/uploads\/2016\/09\/Florian-4.jpg 557w, https:\/\/www.radioluna.it\/news\/wp-content\/uploads\/2016\/09\/Florian-4-300x293.jpg 300w, https:\/\/www.radioluna.it\/news\/wp-content\/uploads\/2016\/09\/Florian-4-50x50.jpg 50w\" sizes=\"auto, (max-width: 689px) 100vw, 689px\" \/><\/a><\/p>\n<p style=\"text-align: justify;\">\n","protected":false},"excerpt":{"rendered":"<p>LATINA\u00a0&#8211; Un grave incidente stradale \u00e8 avvenuto nella notte, a Latina in via delle Rose al Piccarello, una Saab Cabrio per cause da accertare da parte della polizia \u00e8 uscita fuori strada. Al volante dell&#8217;auto c&#8217;era \u00a0Mario Florian, \u00a045 anni del capoluogo che \u00a0\u00e8 stato sbalzato dalla vettura e nella terribile carambola, secondo i rilievi [&hellip;]<\/p>\n","protected":false},"author":60,"featured_media":181920,"comment_status":"open","ping_status":"closed","sticky":false,"template":"","format":"standard","meta":{"footnotes":""},"categories":[7],"tags":[],"class_list":["post-181917","post","type-post","status-publish","format-standard","has-post-thumbnail","hentry","category-cronaca"],"_links":{"self":[{"href":"https:\/\/www.radioluna.it\/news\/wp-json\/wp\/v2\/posts\/181917","targetHints":{"allow":["GET"]}}],"collection":[{"href":"https:\/\/www.radioluna.it\/news\/wp-json\/wp\/v2\/posts"}],"about":[{"href":"https:\/\/www.radioluna.it\/news\/wp-json\/wp\/v2\/types\/post"}],"author":[{"embeddable":true,"href":"https:\/\/www.radioluna.it\/news\/wp-json\/wp\/v2\/users\/60"}],"replies":[{"embeddable":true,"href":"https:\/\/www.radioluna.it\/news\/wp-json\/wp\/v2\/comments?post=181917"}],"version-history":[{"count":0,"href":"https:\/\/www.radioluna.it\/news\/wp-json\/wp\/v2\/posts\/181917\/revisions"}],"wp:featuredmedia":[{"embeddable":true,"href":"https:\/\/www.radioluna.it\/news\/wp-json\/wp\/v2\/media\/181920"}],"wp:attachment":[{"href":"https:\/\/www.radioluna.it\/news\/wp-json\/wp\/v2\/media?parent=181917"}],"wp:term":[{"taxonomy":"category","embeddable":true,"href":"https:\/\/www.radioluna.it\/news\/wp-json\/wp\/v2\/categories?post=181917"},{"taxonomy":"post_tag","embeddable":true,"href":"https:\/\/www.radioluna.it\/news\/wp-json\/wp\/v2\/tags?post=181917"}],"curies":[{"name":"wp","href":"https:\/\/api.w.org\/{rel}","templated":true}]}}