{"id":181924,"date":"2016-09-01T09:04:53","date_gmt":"2016-09-01T07:04:53","guid":{"rendered":"http:\/\/www.radioluna.it\/news\/?p=181924"},"modified":"2016-09-01T11:55:34","modified_gmt":"2016-09-01T09:55:34","slug":"mezza-provincia-e-senza-acqua-lemergenza-e-stata-prolungata","status":"publish","type":"post","link":"https:\/\/www.radioluna.it\/news\/2016\/09\/mezza-provincia-e-senza-acqua-lemergenza-e-stata-prolungata\/","title":{"rendered":"Mezza provincia \u00e8 senza acqua, torner\u00e0 nel tardo pomeriggio. Rabbia e polemiche. Acqualatina si scusa"},"content":{"rendered":"<div id=\"fb-root\"><\/div>\n<p><a href=\"http:\/\/www.radioluna.it\/news\/2010\/07\/afa-ed-emergenza-a-sabotino-e-santa-maria-manca-lacqua\/acqua-rubinetto\/\"><img loading=\"lazy\" decoding=\"async\" class=\"alignleft wp-image-7778 size-medium\" src=\"http:\/\/www.radioluna.it\/news\/wp-content\/uploads\/2010\/07\/acqua-rubinetto-300x200.jpg\" alt=\"acqua rubinetto\" width=\"300\" height=\"200\" srcset=\"https:\/\/www.radioluna.it\/news\/wp-content\/uploads\/2010\/07\/acqua-rubinetto-300x200.jpg 300w, https:\/\/www.radioluna.it\/news\/wp-content\/uploads\/2010\/07\/acqua-rubinetto-500x333.jpg 500w, https:\/\/www.radioluna.it\/news\/wp-content\/uploads\/2010\/07\/acqua-rubinetto-600x400.jpg 600w, https:\/\/www.radioluna.it\/news\/wp-content\/uploads\/2010\/07\/acqua-rubinetto.jpg 612w\" sizes=\"auto, (max-width: 300px) 100vw, 300px\" \/><\/a><\/p>\n<p style=\"text-align: justify;\"><strong>LATINA &#8211;<\/strong> Giornata da dimenticare per mezza provincia di Latina alle prese con la lunga emergenza acqua dovuta all&#8217;interruzione del flusso idrico per consentire dei lavori urgenti da parte di Acqualatina alla condotta Le Sardellane. \u00a0Acqualatina far\u00e0 sapere che l&#8217;acqua torner\u00e0 nel tardo pomeriggio. Mezza provincia di Latina \u00e8 in ginocchio, molto difficile la situazione di tante attivit\u00e0 commerciali: dai bar, ai ristoranti, agli alberghi e adesso monta la rabbia e scoppiano le polemiche. In un primo momento l&#8217;acqua doveva tornare alle 3 della notte (l&#8217;interruzione era iniziata alle 14 del 31 agosto) \u00a0 e invece \u00e8 slittata alle 8 \u00a0a causa di problemi riscontrati durante l&#8217;esecuzione dei lavori, poco fa l&#8217;ultima nota di Acqualatina. &lt;In riferimento ai delicati e complessi lavori in corso sulla condotta adduttrice proveniente dalla centrale Sardellane, si informa l&#8217;utenza che la totale normalizzazione del servizio, in ogni zona dei Comuni di Latina, Pontinia, Sabaudia, San Felice Circeo, Sezze e Terracina,\u00a0<u>Latina\u00a0<\/u>a seguito del ripristino del normale livello dei serbatoi, \u00e8 prevista per il tardo pomeriggio di oggi, 01\/09\/2016.\u00a0I ritardi rispetto agli orari iniziali \u00a0&#8211; aggiunge Acqualatina &#8211; sono stati causati delle avverse condizioni meteo delle ore scorse, che hanno ritardato le operazioni di chiusura e dalla riparazione di due\u00a0ulteriori perdite riscontrate nel corso dell&#8217;intervento&gt;. A Latina ci sono due autobotti per un approvvigionamento: in piazza Celli, nel parcheggio della As e in Largo Cavalli al Q5, a Pontinia in piazzale Kennedy, a San Felice Circeo in via Sabaudia nel piazzale del centro commerciale e in piazza 4 ottobre a Borgo Montenero. Sono quasi 60mila le utenze a secco: tutta Latina (55752 mila utenze) e poi Pontinia (3377) San Felice (2 mila) e Sezze (200) Terracina (30) \u00a0e Sabaudia (10).<\/p>\n","protected":false},"excerpt":{"rendered":"<p>LATINA &#8211; Giornata da dimenticare per mezza provincia di Latina alle prese con la lunga emergenza acqua dovuta all&#8217;interruzione del flusso idrico per consentire dei lavori urgenti da parte di Acqualatina alla condotta Le Sardellane. \u00a0Acqualatina far\u00e0 sapere che l&#8217;acqua torner\u00e0 nel tardo pomeriggio. Mezza provincia di Latina \u00e8 in ginocchio, molto difficile la situazione [&hellip;]<\/p>\n","protected":false},"author":60,"featured_media":7778,"comment_status":"open","ping_status":"closed","sticky":false,"template":"","format":"standard","meta":{"footnotes":""},"categories":[7],"tags":[],"class_list":["post-181924","post","type-post","status-publish","format-standard","has-post-thumbnail","hentry","category-cronaca"],"_links":{"self":[{"href":"https:\/\/www.radioluna.it\/news\/wp-json\/wp\/v2\/posts\/181924","targetHints":{"allow":["GET"]}}],"collection":[{"href":"https:\/\/www.radioluna.it\/news\/wp-json\/wp\/v2\/posts"}],"about":[{"href":"https:\/\/www.radioluna.it\/news\/wp-json\/wp\/v2\/types\/post"}],"author":[{"embeddable":true,"href":"https:\/\/www.radioluna.it\/news\/wp-json\/wp\/v2\/users\/60"}],"replies":[{"embeddable":true,"href":"https:\/\/www.radioluna.it\/news\/wp-json\/wp\/v2\/comments?post=181924"}],"version-history":[{"count":0,"href":"https:\/\/www.radioluna.it\/news\/wp-json\/wp\/v2\/posts\/181924\/revisions"}],"wp:featuredmedia":[{"embeddable":true,"href":"https:\/\/www.radioluna.it\/news\/wp-json\/wp\/v2\/media\/7778"}],"wp:attachment":[{"href":"https:\/\/www.radioluna.it\/news\/wp-json\/wp\/v2\/media?parent=181924"}],"wp:term":[{"taxonomy":"category","embeddable":true,"href":"https:\/\/www.radioluna.it\/news\/wp-json\/wp\/v2\/categories?post=181924"},{"taxonomy":"post_tag","embeddable":true,"href":"https:\/\/www.radioluna.it\/news\/wp-json\/wp\/v2\/tags?post=181924"}],"curies":[{"name":"wp","href":"https:\/\/api.w.org\/{rel}","templated":true}]}}