{"id":182046,"date":"2016-09-05T07:24:13","date_gmt":"2016-09-05T05:24:13","guid":{"rendered":"http:\/\/www.radioluna.it\/news\/?p=182046"},"modified":"2016-09-05T07:43:49","modified_gmt":"2016-09-05T05:43:49","slug":"primo-punto-stagionale-per-il-latina-contro-lo-spezia-e-0-0","status":"publish","type":"post","link":"https:\/\/www.radioluna.it\/news\/2016\/09\/primo-punto-stagionale-per-il-latina-contro-lo-spezia-e-0-0\/","title":{"rendered":"Primo punto stagionale per il Latina, contro lo Spezia \u00e8 0-0"},"content":{"rendered":"<div id=\"fb-root\"><\/div>\n<div id=\"attachment_182047\" style=\"width: 699px\" class=\"wp-caption aligncenter\"><a href=\"http:\/\/www.radioluna.it\/news\/wp-content\/uploads\/2016\/09\/acosty.jpg\"><img loading=\"lazy\" decoding=\"async\" aria-describedby=\"caption-attachment-182047\" class=\"size-thumbnail wp-image-182047\" src=\"http:\/\/www.radioluna.it\/news\/wp-content\/uploads\/2016\/09\/acosty-689x367.jpg\" alt=\"(foto Paola Libralato per Us Latina Calcio)\" width=\"689\" height=\"367\" srcset=\"https:\/\/www.radioluna.it\/news\/wp-content\/uploads\/2016\/09\/acosty-689x367.jpg 689w, https:\/\/www.radioluna.it\/news\/wp-content\/uploads\/2016\/09\/acosty-300x160.jpg 300w, https:\/\/www.radioluna.it\/news\/wp-content\/uploads\/2016\/09\/acosty.jpg 750w\" sizes=\"auto, (max-width: 689px) 100vw, 689px\" \/><\/a><p id=\"caption-attachment-182047\" class=\"wp-caption-text\">(foto Paola Libralato per Us Latina Calcio)<\/p><\/div>\n<p style=\"text-align: justify;\"><strong>LATINA<\/strong> &#8211; Finisce con uno 0-0 la seconda giornata del campionato di serie B per il Latina. Allo stadio Francioni la squadra \u00a0sostenuta dai cori dei tifosi (in tutto sugli spalti dell&#8217;impianto sportivo di Latina si sono seduti\u00a02683 spettatori per un incasso di 31.903 euro) \u00e8 partita bene, ma poi ha ceduto nel secondo tempo. &#8220;Troppa timidezza&#8221; secondo mister Vivarini che si \u00e8 detto comunque soddisfatto della prestazione.<\/p>\n<p style=\"text-align: justify;\">Nella sala stampa del Francioni il tecnico ha commentato il pareggio ottenuto contro lo Spezia:\u00a0\u201c<em>Abbiamo disputato una buona gara<\/em>\u00a0, c<em>hiaramente dobbiamo ancora lavorare tanto e crescere soprattutto in fase di possesso palla. Devo fare i complimenti ai miei ragazzi perch\u00e9 hanno mostrato la giusta applicazione, ma\u00a0 dobbiamo eliminare quella timidezza che abbiamo mostrato in alcuni frangenti. \u00a0La condizione atletica di tutta la squadra non \u00e8 ancora ottimale e quindi \u00e8 normale vedere un calo nella ripresa&#8221;.\u00a0<\/em><\/p>\n<p style=\"text-align: justify;\">Sette in tutto gli ammoniti:\u00a0Terzi, De Col, Gilberto, Garcia Tena, Scaglia, Rocca, Brosco<\/p>\n<p style=\"text-align: justify;\">Ed \u00e8 gi\u00e0 ora di derby: l&#8217;appuntamento con il Frosinone \u00e8 per sabato prossimo 10 settembre in sul campo avversario.\u00a0\u00a0\u201c<em>Vengo dalla Spagna e ho giocato anche Barcellona-Espanyol con entrambe le maglie. So cosa significhi per i tifosi un derby. E\u2019 una partita che bisogna preparare al meglio: il Frosinone arriva da una sconfitta e noi stiamo migliorando. Dobbiamo andare a Frosinone con la giusta cattiveria \u2013\u00a0<\/em>ha commentato il difensore Pol Garcia Tena<em>\u00a0\u2013 Cercheremo di far bene e di prenderci i tre punti anche fuori casa. Dar\u00f2 tutto per questa partita<\/em>\u201d.<\/p>\n<p>Per preparare il match i nerazzurri\u00a0torneranno ad allenarsi oggi (luned\u00ec 5 settembre) alle 15 all\u2019Ex Fulgorcavi a porte aperte.<\/p>\n","protected":false},"excerpt":{"rendered":"<p>LATINA &#8211; Finisce con uno 0-0 la seconda giornata del campionato di serie B per il Latina. Allo stadio Francioni la squadra \u00a0sostenuta dai cori dei tifosi (in tutto sugli spalti dell&#8217;impianto sportivo di Latina si sono seduti\u00a02683 spettatori per un incasso di 31.903 euro) \u00e8 partita bene, ma poi ha ceduto nel secondo tempo. [&hellip;]<\/p>\n","protected":false},"author":62,"featured_media":182047,"comment_status":"open","ping_status":"closed","sticky":false,"template":"","format":"standard","meta":{"footnotes":""},"categories":[17],"tags":[],"class_list":["post-182046","post","type-post","status-publish","format-standard","has-post-thumbnail","hentry","category-sport"],"_links":{"self":[{"href":"https:\/\/www.radioluna.it\/news\/wp-json\/wp\/v2\/posts\/182046","targetHints":{"allow":["GET"]}}],"collection":[{"href":"https:\/\/www.radioluna.it\/news\/wp-json\/wp\/v2\/posts"}],"about":[{"href":"https:\/\/www.radioluna.it\/news\/wp-json\/wp\/v2\/types\/post"}],"author":[{"embeddable":true,"href":"https:\/\/www.radioluna.it\/news\/wp-json\/wp\/v2\/users\/62"}],"replies":[{"embeddable":true,"href":"https:\/\/www.radioluna.it\/news\/wp-json\/wp\/v2\/comments?post=182046"}],"version-history":[{"count":0,"href":"https:\/\/www.radioluna.it\/news\/wp-json\/wp\/v2\/posts\/182046\/revisions"}],"wp:featuredmedia":[{"embeddable":true,"href":"https:\/\/www.radioluna.it\/news\/wp-json\/wp\/v2\/media\/182047"}],"wp:attachment":[{"href":"https:\/\/www.radioluna.it\/news\/wp-json\/wp\/v2\/media?parent=182046"}],"wp:term":[{"taxonomy":"category","embeddable":true,"href":"https:\/\/www.radioluna.it\/news\/wp-json\/wp\/v2\/categories?post=182046"},{"taxonomy":"post_tag","embeddable":true,"href":"https:\/\/www.radioluna.it\/news\/wp-json\/wp\/v2\/tags?post=182046"}],"curies":[{"name":"wp","href":"https:\/\/api.w.org\/{rel}","templated":true}]}}