{"id":182277,"date":"2016-09-09T15:44:02","date_gmt":"2016-09-09T13:44:02","guid":{"rendered":"http:\/\/www.radioluna.it\/news\/?p=182277"},"modified":"2016-09-09T15:44:02","modified_gmt":"2016-09-09T13:44:02","slug":"sottile-festeggia-largento-con-falivene","status":"publish","type":"post","link":"https:\/\/www.radioluna.it\/news\/2016\/09\/sottile-festeggia-largento-con-falivene\/","title":{"rendered":"Sottile festeggia l&#8217;argento con Falivene"},"content":{"rendered":"<div id=\"fb-root\"><\/div>\n<p style=\"text-align: justify;\"><a href=\"http:\/\/www.radioluna.it\/news\/wp-content\/uploads\/2016\/09\/sottile-medaglia.jpg\"><img loading=\"lazy\" decoding=\"async\" class=\"aligncenter size-thumbnail wp-image-182278\" src=\"http:\/\/www.radioluna.it\/news\/wp-content\/uploads\/2016\/09\/sottile-medaglia-689x460.jpg\" alt=\"sottile-medaglia\" width=\"689\" height=\"460\" srcset=\"https:\/\/www.radioluna.it\/news\/wp-content\/uploads\/2016\/09\/sottile-medaglia-689x460.jpg 689w, https:\/\/www.radioluna.it\/news\/wp-content\/uploads\/2016\/09\/sottile-medaglia-300x200.jpg 300w, https:\/\/www.radioluna.it\/news\/wp-content\/uploads\/2016\/09\/sottile-medaglia-768x512.jpg 768w, https:\/\/www.radioluna.it\/news\/wp-content\/uploads\/2016\/09\/sottile-medaglia-800x534.jpg 800w, https:\/\/www.radioluna.it\/news\/wp-content\/uploads\/2016\/09\/sottile-medaglia.jpg 964w\" sizes=\"auto, (max-width: 689px) 100vw, 689px\" \/><\/a><strong>LATINA<\/strong> &#8211; \u00a0Daniele Sottile festeggia la sua medaglia olimpica, l&#8217;argento di Rio 2016. Il pallavolista in forze al Latina questa mattina ha tenuto nella\u00a0Sala Verde del Park Hotel di Latina una conferenza stampa accompagnato dal presidente Gianrio Falivene, anche in vista dell&#8217;incontro in programma \u00a0domani ( sabato 10) alle 20 tra \u00a0la Top Volley e la \u00a0Tonno Callipo Vibo Valentia nel Trofeo di Avellino.<\/p>\n<p style=\"text-align: justify;\">&#8220;Da Rio, oltre questa medaglia, ho portato tante cose &#8211; spiega il palleggiatore &#8211; \u00a0\u00c8 una competizione che, per uno sportivo, \u00e8 il massimo sia per l\u2019atmosfera che respiri, che per le sensazioni che provi. Se poi si riesce ad arrivare fino alla fine e prendere una medaglia\u2026 \u00e8 il massimo. Ti da delle emozioni e delle tensioni che \u00e8 difficile ripetere. Non tanto per la gara in se, una semifinale playoff o una finale di Coppa europea provi le stesse, ma per la durata dell\u2019evento e la molteplicit\u00e0 delle sensazioni. Pranzare con oltre cinquemila campioni, con tute e colori delle proprie nazioni, stare a contatto con Djokovic, Nadal, i campioni dell\u2019Nba e Bolt \u00e8 una emozione difficile da raccontare. Questa medaglie \u00e8 un onore a questo sport, deve portare qualche cosa di pi\u00f9, deve essere il traino per tutto il movimento\u201d.<\/p>\n<p style=\"text-align: justify;\">Giocatore e presidente hanno anche voglia di parlare della squadra: \u201cIl protagonista di questa mattinata \u00e8 Daniele &#8211; dice Falivene &#8211; \u00a0Rispetto allo spirito di questa squadra concordo con le affermazioni fatte. Ho visto gi\u00e0 dai primi allenamenti tutti i ragazzi molto motivati, la speranza \u00e8 quella di continuare a divertirci\u201d.<\/p>\n<p style=\"text-align: justify;\">Per Sottile, l&#8217;impatto con il neo allenatore Nacci \u00e8 stato positivo: \u201cAbbiamo iniziato a lavorare, avevo bisogno di una piccola vacanza con la mia famiglia, ma da luned\u00ec sono ripartito con il massimo dell\u2019impegno. Ho delle sensazioni! Sar\u00e0 un campionato durissimo, il livello si \u00e8 innalzato, ci sar\u00e0 da lottare ogni domenica, ma questo non ci fa paura. Dobbiamo creare la mentalit\u00e0 di lottare con tutti, creare quell\u2019entusiasmo che rende la partita difficile alle avversarie. \u00c8 un campionato molto competitivo, non ci sono squadre \u2018facili\u2019. Il gruppo \u00e8 ben composto, con quattro schiacciatori di livello internazionale, oltre ad atleti talentuosi che fremono. L\u2019impatto con Nacci \u00e8 positivo, c\u2019eravamo conosciuti in Giappone alla Coppa del Mondo lo scorso anno, proseguiamo a lavorare.<\/p>\n<p>&nbsp;<\/p>\n","protected":false},"excerpt":{"rendered":"<p>LATINA &#8211; \u00a0Daniele Sottile festeggia la sua medaglia olimpica, l&#8217;argento di Rio 2016. Il pallavolista in forze al Latina questa mattina ha tenuto nella\u00a0Sala Verde del Park Hotel di Latina una conferenza stampa accompagnato dal presidente Gianrio Falivene, anche in vista dell&#8217;incontro in programma \u00a0domani ( sabato 10) alle 20 tra \u00a0la Top Volley e [&hellip;]<\/p>\n","protected":false},"author":62,"featured_media":182278,"comment_status":"open","ping_status":"closed","sticky":false,"template":"","format":"standard","meta":{"footnotes":""},"categories":[17],"tags":[],"class_list":["post-182277","post","type-post","status-publish","format-standard","has-post-thumbnail","hentry","category-sport"],"_links":{"self":[{"href":"https:\/\/www.radioluna.it\/news\/wp-json\/wp\/v2\/posts\/182277","targetHints":{"allow":["GET"]}}],"collection":[{"href":"https:\/\/www.radioluna.it\/news\/wp-json\/wp\/v2\/posts"}],"about":[{"href":"https:\/\/www.radioluna.it\/news\/wp-json\/wp\/v2\/types\/post"}],"author":[{"embeddable":true,"href":"https:\/\/www.radioluna.it\/news\/wp-json\/wp\/v2\/users\/62"}],"replies":[{"embeddable":true,"href":"https:\/\/www.radioluna.it\/news\/wp-json\/wp\/v2\/comments?post=182277"}],"version-history":[{"count":0,"href":"https:\/\/www.radioluna.it\/news\/wp-json\/wp\/v2\/posts\/182277\/revisions"}],"wp:featuredmedia":[{"embeddable":true,"href":"https:\/\/www.radioluna.it\/news\/wp-json\/wp\/v2\/media\/182278"}],"wp:attachment":[{"href":"https:\/\/www.radioluna.it\/news\/wp-json\/wp\/v2\/media?parent=182277"}],"wp:term":[{"taxonomy":"category","embeddable":true,"href":"https:\/\/www.radioluna.it\/news\/wp-json\/wp\/v2\/categories?post=182277"},{"taxonomy":"post_tag","embeddable":true,"href":"https:\/\/www.radioluna.it\/news\/wp-json\/wp\/v2\/tags?post=182277"}],"curies":[{"name":"wp","href":"https:\/\/api.w.org\/{rel}","templated":true}]}}