{"id":182335,"date":"2016-09-12T09:16:15","date_gmt":"2016-09-12T07:16:15","guid":{"rendered":"http:\/\/www.radioluna.it\/news\/?p=182335"},"modified":"2016-09-12T09:16:15","modified_gmt":"2016-09-12T07:16:15","slug":"nasce-we-run-latina-gara-podistica-del-circuito-uisp","status":"publish","type":"post","link":"https:\/\/www.radioluna.it\/news\/2016\/09\/nasce-we-run-latina-gara-podistica-del-circuito-uisp\/","title":{"rendered":"Nasce We run Latina, gara podistica del circuito Uisp"},"content":{"rendered":"<div id=\"fb-root\"><\/div>\n<div id=\"attachment_182336\" style=\"width: 699px\" class=\"wp-caption aligncenter\"><a href=\"http:\/\/www.radioluna.it\/news\/wp-content\/uploads\/2016\/09\/We_Run_Latina.jpg\"><img loading=\"lazy\" decoding=\"async\" aria-describedby=\"caption-attachment-182336\" class=\"size-thumbnail wp-image-182336\" src=\"http:\/\/www.radioluna.it\/news\/wp-content\/uploads\/2016\/09\/We_Run_Latina-689x388.jpg\" alt=\"Jpeg\" width=\"689\" height=\"388\" srcset=\"https:\/\/www.radioluna.it\/news\/wp-content\/uploads\/2016\/09\/We_Run_Latina-689x388.jpg 689w, https:\/\/www.radioluna.it\/news\/wp-content\/uploads\/2016\/09\/We_Run_Latina-300x169.jpg 300w, https:\/\/www.radioluna.it\/news\/wp-content\/uploads\/2016\/09\/We_Run_Latina-768x432.jpg 768w, https:\/\/www.radioluna.it\/news\/wp-content\/uploads\/2016\/09\/We_Run_Latina-1024x576.jpg 1024w, https:\/\/www.radioluna.it\/news\/wp-content\/uploads\/2016\/09\/We_Run_Latina-800x450.jpg 800w, https:\/\/www.radioluna.it\/news\/wp-content\/uploads\/2016\/09\/We_Run_Latina.jpg 1600w\" sizes=\"auto, (max-width: 689px) 100vw, 689px\" \/><\/a><p id=\"caption-attachment-182336\" class=\"wp-caption-text\">Jpeg<\/p><\/div>\n<p style=\"text-align: justify;\"><strong>LATINA<\/strong> &#8211; Nasce &#8220;We run Latina&#8221; e diventa subito tappa del circuito Uisp. Il primo Trofeo\u00a0Redimedica si correr\u00e0 domenica 18 settembre al Lido di Latina, con partenza e arrivo a \u00a0Capoportiere. La gara \u00e8 stata illustrata da\u00a0Mirko Montin, presidente della \u00a0Running Club Latina, societ\u00e0 che la organizza, con\u00a0Domenico Lattanzi, presidente dell\u2019Uisp di Latina che dar\u00e0\u00a0supporto tecnico alla manifestazione.<\/p>\n<p style=\"text-align: justify;\">La We Run Latina 1\u00b0 Trofeo Redi Medica avr\u00e0 il suo start a Capoportiere\u00a0alle 18,30 di domenica 18 con un percorso che toccher\u00e0 la rotatoria di via Litoranea per tornare indietro e immettersi sullo\u00a0sterrato che costeggia la chiesa Stella Maris. &#8220;Il percorso &#8211; spiega Montin &#8211; \u00a0sar\u00e0 di 12 chilometri complessivi, di cui 8 su asfalto e 4 di\u00a0sterrato. Si arriver\u00e0 a Borgo Sabotino per poi prendere la pista<br \/>\nciclabile alla volta di Capoportiere. Orientativamente, i primi atleti\u00a0dovrebbero giungere sul lungomare intorno alle 19, offrendo lo<br \/>\nspettacolo suggestivo del tramonto, un\u2019immagine che\u00a0credo sia unica tra tutte le competizioni che si svolgono in terra<br \/>\npontina\u00bb.<\/p>\n<p style=\"text-align: justify;\">Alla gara, con il pettorale numero 1 parteciper\u00e0 anche il sindaco di Latina Damiano Coletta.\u00a0\u00a0Sono previsti riconoscimenti ai primi cinque assoluti uomini e donne e\u00a0ai migliori di ogni fascia d\u2019et\u00e0. Previsti premi speciali, al pi\u00f9 anziano e al pi\u00f9 veloce tra chi\u00a0supera i 90 chili di peso. In occasione della presentazione i\u00a0laboratori Redi (che sponosrizzano la manifestazione) hanno annunciato che\u00a0stipuleranno una convenzione con l\u2019Uisp di Latina per analisi e\u00a0altri controlli di routine degli sportivi.<\/p>\n<p style=\"text-align: justify;\">La We Run Latina \u2013 1\u00b0 Trofeo Redimedica sar\u00e0 valida\u00a0inoltre quale Tappa Argento del Grande Slam-Trofeo Icar Renault, il\u00a0Circuito organizzato dall\u2019Uisp in collaborazione con Mapei, Sport \u201985\u00a0e MG K.Vis. Per ulteriori informazioni \u00e8 possibile visitare il sito<br \/>\ninternet www.uisplatina.it.<\/p>\n","protected":false},"excerpt":{"rendered":"<p>LATINA &#8211; Nasce &#8220;We run Latina&#8221; e diventa subito tappa del circuito Uisp. Il primo Trofeo\u00a0Redimedica si correr\u00e0 domenica 18 settembre al Lido di Latina, con partenza e arrivo a \u00a0Capoportiere. La gara \u00e8 stata illustrata da\u00a0Mirko Montin, presidente della \u00a0Running Club Latina, societ\u00e0 che la organizza, con\u00a0Domenico Lattanzi, presidente dell\u2019Uisp di Latina che dar\u00e0\u00a0supporto [&hellip;]<\/p>\n","protected":false},"author":60,"featured_media":182336,"comment_status":"open","ping_status":"closed","sticky":false,"template":"","format":"standard","meta":{"footnotes":""},"categories":[17],"tags":[],"class_list":["post-182335","post","type-post","status-publish","format-standard","has-post-thumbnail","hentry","category-sport"],"_links":{"self":[{"href":"https:\/\/www.radioluna.it\/news\/wp-json\/wp\/v2\/posts\/182335","targetHints":{"allow":["GET"]}}],"collection":[{"href":"https:\/\/www.radioluna.it\/news\/wp-json\/wp\/v2\/posts"}],"about":[{"href":"https:\/\/www.radioluna.it\/news\/wp-json\/wp\/v2\/types\/post"}],"author":[{"embeddable":true,"href":"https:\/\/www.radioluna.it\/news\/wp-json\/wp\/v2\/users\/60"}],"replies":[{"embeddable":true,"href":"https:\/\/www.radioluna.it\/news\/wp-json\/wp\/v2\/comments?post=182335"}],"version-history":[{"count":0,"href":"https:\/\/www.radioluna.it\/news\/wp-json\/wp\/v2\/posts\/182335\/revisions"}],"wp:featuredmedia":[{"embeddable":true,"href":"https:\/\/www.radioluna.it\/news\/wp-json\/wp\/v2\/media\/182336"}],"wp:attachment":[{"href":"https:\/\/www.radioluna.it\/news\/wp-json\/wp\/v2\/media?parent=182335"}],"wp:term":[{"taxonomy":"category","embeddable":true,"href":"https:\/\/www.radioluna.it\/news\/wp-json\/wp\/v2\/categories?post=182335"},{"taxonomy":"post_tag","embeddable":true,"href":"https:\/\/www.radioluna.it\/news\/wp-json\/wp\/v2\/tags?post=182335"}],"curies":[{"name":"wp","href":"https:\/\/api.w.org\/{rel}","templated":true}]}}