{"id":182490,"date":"2016-09-15T13:30:46","date_gmt":"2016-09-15T11:30:46","guid":{"rendered":"http:\/\/www.radioluna.it\/news\/?p=182490"},"modified":"2016-09-16T16:00:14","modified_gmt":"2016-09-16T14:00:14","slug":"latina-arriva-il-premio-zavattini-per-incentivare-il-cortometraggio-documentario","status":"publish","type":"post","link":"https:\/\/www.radioluna.it\/news\/2016\/09\/latina-arriva-il-premio-zavattini-per-incentivare-il-cortometraggio-documentario\/","title":{"rendered":"Premio Zavattini a Latina per incentivare il cortometraggio documentario"},"content":{"rendered":"<div id=\"fb-root\"><\/div>\n<div id=\"attachment_180838\" style=\"width: 699px\" class=\"wp-caption aligncenter\"><img loading=\"lazy\" decoding=\"async\" aria-describedby=\"caption-attachment-180838\" class=\"size-thumbnail wp-image-180838\" src=\"http:\/\/www.radioluna.it\/news\/wp-content\/uploads\/2016\/07\/pannone-al-festival-pontino-689x683.jpg\" alt=\"Il regista Gianfranco Pannone prova al Castello di Sermoneta\" width=\"689\" height=\"683\" srcset=\"https:\/\/www.radioluna.it\/news\/wp-content\/uploads\/2016\/07\/pannone-al-festival-pontino-689x683.jpg 689w, https:\/\/www.radioluna.it\/news\/wp-content\/uploads\/2016\/07\/pannone-al-festival-pontino-300x298.jpg 300w, https:\/\/www.radioluna.it\/news\/wp-content\/uploads\/2016\/07\/pannone-al-festival-pontino-768x762.jpg 768w, https:\/\/www.radioluna.it\/news\/wp-content\/uploads\/2016\/07\/pannone-al-festival-pontino-50x50.jpg 50w, https:\/\/www.radioluna.it\/news\/wp-content\/uploads\/2016\/07\/pannone-al-festival-pontino-800x793.jpg 800w, https:\/\/www.radioluna.it\/news\/wp-content\/uploads\/2016\/07\/pannone-al-festival-pontino.jpg 960w\" sizes=\"auto, (max-width: 689px) 100vw, 689px\" \/><p id=\"caption-attachment-180838\" class=\"wp-caption-text\">Il regista Gianfranco Pannone prova al Castello di Sermoneta<\/p><\/div>\n<p style=\"text-align: justify;\"><strong>LATINA<\/strong> &#8211; \u00a0Il regista Gianfranco Pannone torna a Latina per presentare il documentario di Ugo Gregoretti \u201cApollon, una fabbrica occupata\u201d &#8211; film conservato presso l\u2019Archivio Audiovisivo del Movimento Operaio Democratico &#8211; \u00a0e per la proiezione del suo ultimo lavoro, \u00a0\u201cCon Ugo\u201d, dedicato al maestro Ugo Gregoretti presentato alla 73esima Mostra del cinema di Venezia. Un ottimo viatico per i giovani che si vogliano cimentare con l&#8217;arte del corto documentario.<\/p>\n<p style=\"text-align: justify;\">L&#8217;appuntamento \u00e8 per sabato 17 settembre quando presso la sala conferenze del Museo Civico Duilio Cambellotti, verr\u00e0 presentato alle 20.30 il Premio Cesare Zavattini 2016. L\u2019iniziativa, organizzata in collaborazione con la Regione Lazio e con il patrocinio del Comune di Latina,\u00a0punta ad incentivare la conoscenza e il riuso creativo del materiale d\u2019archivio attraverso un premio in servizi e in denaro destinato a tre progetti di cortometraggio documentario (il concorso, gi\u00e0 illustrato a Roma e Viterbo, \u00e8 promosso dalla Fondazione Archivio Audiovisivo del Movimento Operaio e Democratico di cui \u00e8 stato primo Presidente proprio Zavattini).<\/p>\n<p style=\"text-align: justify;\">&#8220;L\u2019idea di portare il concorso in citt\u00e0 nasce per offrire un\u2019opportunit\u00e0 ai giovani filmaker della provincia, professionisti e non, che potranno concorrere al Premio attraverso un bando pubblico&#8221;, spiegano i promotori dell&#8217;iniziativa che \u00e8 aperta &#8220;a candidati di qualsiasi nazionalit\u00e0, in et\u00e0 compresa tra i 18 e i 35 anni. Si partecipa presentando il progetto di un film documentario, della durata massima di 15 minuti, che preveda appunto l\u2019utilizzazione del materiale d\u2019archivio, sia dell\u2019Aamod che dei partner dell\u2019iniziativa&#8221;.<\/p>\n<p style=\"text-align: justify;\">Tra tutti i progetti pervenuti una commissione composta da professionisti del cinema ne selezioner\u00e0 sei, che verranno ammessi a un seminario di sviluppo. Concluso il seminario, la stessa commissione indicher\u00e0 i tre progetti finalisti che avranno maturato i requisiti per fruire gratuitamente, con licenza Creative Commons, del materiale d\u2019archivio e dei servizi di supporto per la loro realizzazione, oltre a ricevere il premio di duemila euro ciascuno e ad essere proiettati in un evento pubblico.<\/p>\n<p style=\"text-align: justify;\">Ad introdurre l\u2019incontro di sabato saranno Renato Chiocca e Paola Scarnati per la Fondazione Aamod.<\/p>\n","protected":false},"excerpt":{"rendered":"<p>LATINA &#8211; \u00a0Il regista Gianfranco Pannone torna a Latina per presentare il documentario di Ugo Gregoretti \u201cApollon, una fabbrica occupata\u201d &#8211; film conservato presso l\u2019Archivio Audiovisivo del Movimento Operaio Democratico &#8211; \u00a0e per la proiezione del suo ultimo lavoro, \u00a0\u201cCon Ugo\u201d, dedicato al maestro Ugo Gregoretti presentato alla 73esima Mostra del cinema di Venezia. Un [&hellip;]<\/p>\n","protected":false},"author":62,"featured_media":180838,"comment_status":"open","ping_status":"closed","sticky":false,"template":"","format":"standard","meta":{"footnotes":""},"categories":[16],"tags":[],"class_list":["post-182490","post","type-post","status-publish","format-standard","has-post-thumbnail","hentry","category-appuntamenti"],"_links":{"self":[{"href":"https:\/\/www.radioluna.it\/news\/wp-json\/wp\/v2\/posts\/182490","targetHints":{"allow":["GET"]}}],"collection":[{"href":"https:\/\/www.radioluna.it\/news\/wp-json\/wp\/v2\/posts"}],"about":[{"href":"https:\/\/www.radioluna.it\/news\/wp-json\/wp\/v2\/types\/post"}],"author":[{"embeddable":true,"href":"https:\/\/www.radioluna.it\/news\/wp-json\/wp\/v2\/users\/62"}],"replies":[{"embeddable":true,"href":"https:\/\/www.radioluna.it\/news\/wp-json\/wp\/v2\/comments?post=182490"}],"version-history":[{"count":0,"href":"https:\/\/www.radioluna.it\/news\/wp-json\/wp\/v2\/posts\/182490\/revisions"}],"wp:featuredmedia":[{"embeddable":true,"href":"https:\/\/www.radioluna.it\/news\/wp-json\/wp\/v2\/media\/180838"}],"wp:attachment":[{"href":"https:\/\/www.radioluna.it\/news\/wp-json\/wp\/v2\/media?parent=182490"}],"wp:term":[{"taxonomy":"category","embeddable":true,"href":"https:\/\/www.radioluna.it\/news\/wp-json\/wp\/v2\/categories?post=182490"},{"taxonomy":"post_tag","embeddable":true,"href":"https:\/\/www.radioluna.it\/news\/wp-json\/wp\/v2\/tags?post=182490"}],"curies":[{"name":"wp","href":"https:\/\/api.w.org\/{rel}","templated":true}]}}