{"id":182492,"date":"2016-09-15T13:57:39","date_gmt":"2016-09-15T11:57:39","guid":{"rendered":"http:\/\/www.radioluna.it\/news\/?p=182492"},"modified":"2016-09-15T13:57:39","modified_gmt":"2016-09-15T11:57:39","slug":"latina-laboratorio-dellutopia-al-festival-per-appiam-2016","status":"publish","type":"post","link":"https:\/\/www.radioluna.it\/news\/2016\/09\/latina-laboratorio-dellutopia-al-festival-per-appiam-2016\/","title":{"rendered":"Latina laboratorio dell&#8217;utopia al Festival Per Appiam 2016"},"content":{"rendered":"<div id=\"fb-root\"><\/div>\n<div id=\"attachment_182493\" style=\"width: 699px\" class=\"wp-caption aligncenter\"><img loading=\"lazy\" decoding=\"async\" aria-describedby=\"caption-attachment-182493\" class=\"size-thumbnail wp-image-182493\" src=\"http:\/\/www.radioluna.it\/news\/wp-content\/uploads\/2016\/09\/parco-appia-antica-689x413.jpg\" alt=\"ll parco dell' Appia Antica\" width=\"689\" height=\"413\" srcset=\"https:\/\/www.radioluna.it\/news\/wp-content\/uploads\/2016\/09\/parco-appia-antica-689x413.jpg 689w, https:\/\/www.radioluna.it\/news\/wp-content\/uploads\/2016\/09\/parco-appia-antica-300x180.jpg 300w, https:\/\/www.radioluna.it\/news\/wp-content\/uploads\/2016\/09\/parco-appia-antica-768x461.jpg 768w, https:\/\/www.radioluna.it\/news\/wp-content\/uploads\/2016\/09\/parco-appia-antica-1024x614.jpg 1024w, https:\/\/www.radioluna.it\/news\/wp-content\/uploads\/2016\/09\/parco-appia-antica-800x480.jpg 800w, https:\/\/www.radioluna.it\/news\/wp-content\/uploads\/2016\/09\/parco-appia-antica.jpg 1280w\" sizes=\"auto, (max-width: 689px) 100vw, 689px\" \/><p id=\"caption-attachment-182493\" class=\"wp-caption-text\">ll parco dell&#8217; Appia Antica<\/p><\/div>\n<p style=\"text-align: justify;\"><strong>LATINA<\/strong> &#8211; A Latina l&#8217;utopia \u00e8 diventata realt\u00e0. Di questo si parler\u00e0 sabato 17 settembre in un incontro organizzato dall\u2019associazione Ipazia Immaginepensiero Onlus con il patrocinio del Comune di Roma nell\u2019ambito del Festival internazionale d\u2019arte Per Appiam 2016. Alle ore 18.00, nell\u2019ex Cartiera Latina, all\u2019interno del Parco dell\u2019Appia Antica, sotto il titolo\u00a0\u201cQuando l&#8217;utopia diventa realt\u00e0. Il laboratorio Latina\u201d ci sar\u00e0 il sindaco Coletta e alcuni politici del nuovo corso per un momento di approfondimento.<\/p>\n<p style=\"text-align: justify;\">Il tema scelto per la nuova edizione del festival capitolino \u00e8 \u201cDisegnare l\u2019utopia\u201d, in omaggio ai 500 anni dalla pubblicazione della pi\u00f9 importante opera di Tommaso Moro. \u00abIl caso di Latina \u2013 spiegano gli organizzatori \u2013 offre un esempio concreto di un\u2019utopia che diventa realt\u00e0. Alle elezioni di giugno scorso Coletta ha vinto al ballottaggio con il 75% delle preferenze riuscendo, con il movimento Latina Bene Comune, nell\u2019impresa apparentemente impossibile di interrompere ventitr\u00e9 anni consecutivi di governo di centrodestra\u00bb.<\/p>\n<p style=\"text-align: justify;\">Oltre al Sindaco interverranno all\u2019incontro: il consigliere di Latina Bene Comune e presidente della Commissione Cultura Fabio D&#8217;Achille; il direttore della Federlazio di Latina Saverio Motolese, espressione della economia locale; Roberta Busatto, in rappresentanza del giornalismo pontino al femminile; il direttore d\u2019orchestra e musicologo Claudio Paradiso; Mariopaolo Dario, psichiatra e psicoterapeuta, coautore del libro \u201cPsichiatria in Italia dall&#8217;unit\u00e0 a oggi\u201d.<\/p>\n","protected":false},"excerpt":{"rendered":"<p>LATINA &#8211; A Latina l&#8217;utopia \u00e8 diventata realt\u00e0. Di questo si parler\u00e0 sabato 17 settembre in un incontro organizzato dall\u2019associazione Ipazia Immaginepensiero Onlus con il patrocinio del Comune di Roma nell\u2019ambito del Festival internazionale d\u2019arte Per Appiam 2016. Alle ore 18.00, nell\u2019ex Cartiera Latina, all\u2019interno del Parco dell\u2019Appia Antica, sotto il titolo\u00a0\u201cQuando l&#8217;utopia diventa realt\u00e0. [&hellip;]<\/p>\n","protected":false},"author":62,"featured_media":182494,"comment_status":"open","ping_status":"closed","sticky":false,"template":"","format":"standard","meta":{"footnotes":""},"categories":[16],"tags":[],"class_list":["post-182492","post","type-post","status-publish","format-standard","has-post-thumbnail","hentry","category-appuntamenti"],"_links":{"self":[{"href":"https:\/\/www.radioluna.it\/news\/wp-json\/wp\/v2\/posts\/182492","targetHints":{"allow":["GET"]}}],"collection":[{"href":"https:\/\/www.radioluna.it\/news\/wp-json\/wp\/v2\/posts"}],"about":[{"href":"https:\/\/www.radioluna.it\/news\/wp-json\/wp\/v2\/types\/post"}],"author":[{"embeddable":true,"href":"https:\/\/www.radioluna.it\/news\/wp-json\/wp\/v2\/users\/62"}],"replies":[{"embeddable":true,"href":"https:\/\/www.radioluna.it\/news\/wp-json\/wp\/v2\/comments?post=182492"}],"version-history":[{"count":0,"href":"https:\/\/www.radioluna.it\/news\/wp-json\/wp\/v2\/posts\/182492\/revisions"}],"wp:featuredmedia":[{"embeddable":true,"href":"https:\/\/www.radioluna.it\/news\/wp-json\/wp\/v2\/media\/182494"}],"wp:attachment":[{"href":"https:\/\/www.radioluna.it\/news\/wp-json\/wp\/v2\/media?parent=182492"}],"wp:term":[{"taxonomy":"category","embeddable":true,"href":"https:\/\/www.radioluna.it\/news\/wp-json\/wp\/v2\/categories?post=182492"},{"taxonomy":"post_tag","embeddable":true,"href":"https:\/\/www.radioluna.it\/news\/wp-json\/wp\/v2\/tags?post=182492"}],"curies":[{"name":"wp","href":"https:\/\/api.w.org\/{rel}","templated":true}]}}