{"id":182566,"date":"2016-09-16T17:45:14","date_gmt":"2016-09-16T15:45:14","guid":{"rendered":"http:\/\/www.radioluna.it\/news\/?p=182566"},"modified":"2016-09-16T17:45:14","modified_gmt":"2016-09-16T15:45:14","slug":"mario-balsamo-presenta-a-latina-il-suo-ultimo-film-alloxer-mia-madre-fa-lattrice","status":"publish","type":"post","link":"https:\/\/www.radioluna.it\/news\/2016\/09\/mario-balsamo-presenta-a-latina-il-suo-ultimo-film-alloxer-mia-madre-fa-lattrice\/","title":{"rendered":"Mario Balsamo presenta a Latina il suo ultimo film: all&#8217;Oxer Mia madre fa l&#8217;attrice"},"content":{"rendered":"<div id=\"fb-root\"><\/div>\n<p style=\"text-align: justify;\"><strong><img loading=\"lazy\" decoding=\"async\" class=\"aligncenter size-full wp-image-182567\" src=\"http:\/\/www.radioluna.it\/news\/wp-content\/uploads\/2016\/09\/mia-madre-fa-latrice-a-Latina.jpg\" alt=\"mia-madre-fa-latrice-a-latina\" width=\"480\" height=\"480\" srcset=\"https:\/\/www.radioluna.it\/news\/wp-content\/uploads\/2016\/09\/mia-madre-fa-latrice-a-Latina.jpg 480w, https:\/\/www.radioluna.it\/news\/wp-content\/uploads\/2016\/09\/mia-madre-fa-latrice-a-Latina-300x300.jpg 300w, https:\/\/www.radioluna.it\/news\/wp-content\/uploads\/2016\/09\/mia-madre-fa-latrice-a-Latina-50x50.jpg 50w\" sizes=\"auto, (max-width: 480px) 100vw, 480px\" \/>LATINA<\/strong> &#8211;\u00a0Mia madre fa l&#8217;attrice, l&#8217;ultimo film di Mario Balsamo, sar\u00e0 in sala dal 29 settembre al cinema Multisala Oxer e nell&#8217;occasione, venerd\u00ec 30 settembre (alle 21), il regista di Latina incontrer\u00e0 il pubblico in compagnia dell\u2019attore Enzo Provenzano e di Giuseppe Pannone. Con il film, che ha ottenuto gi\u00e0 riconoscimenti e apprezzamento della critica e del pubblico, la protagonista, Silvana Stefanini, che nella vita \u00e8 la vera madre di Balsamo e interpreta se stessa, ha vinto il Nastro D&#8217;Argento come miglior attrice di docufilm.<\/p>\n<p style=\"text-align: justify;\">\n<p>Programmazione:<br \/>\nGioved\u00ec 29 17:00 &#8211; 18:40 &#8211; 21:00<br \/>\nVenerd\u00ec 30 21:00<br \/>\nSabato 1 17:00 &#8211; 18:40 &#8211; 21:00<br \/>\nDomenica 2 17:00 &#8211; 18:40 &#8211; 21:00<br \/>\nLuned\u00ec 3 17:00 &#8211; 18:40 &#8211; 21:00<br \/>\nMarted\u00ec 4 17:00 &#8211; 18:40 &#8211; 21:00<br \/>\nMercoled\u00ec 5 17:00 &#8211; 18:40 &#8211; 21:00<\/p>\n","protected":false},"excerpt":{"rendered":"<p>LATINA &#8211;\u00a0Mia madre fa l&#8217;attrice, l&#8217;ultimo film di Mario Balsamo, sar\u00e0 in sala dal 29 settembre al cinema Multisala Oxer e nell&#8217;occasione, venerd\u00ec 30 settembre (alle 21), il regista di Latina incontrer\u00e0 il pubblico in compagnia dell\u2019attore Enzo Provenzano e di Giuseppe Pannone. Con il film, che ha ottenuto gi\u00e0 riconoscimenti e apprezzamento della critica [&hellip;]<\/p>\n","protected":false},"author":62,"featured_media":182567,"comment_status":"open","ping_status":"closed","sticky":false,"template":"","format":"standard","meta":{"footnotes":""},"categories":[16],"tags":[],"class_list":["post-182566","post","type-post","status-publish","format-standard","has-post-thumbnail","hentry","category-appuntamenti"],"_links":{"self":[{"href":"https:\/\/www.radioluna.it\/news\/wp-json\/wp\/v2\/posts\/182566","targetHints":{"allow":["GET"]}}],"collection":[{"href":"https:\/\/www.radioluna.it\/news\/wp-json\/wp\/v2\/posts"}],"about":[{"href":"https:\/\/www.radioluna.it\/news\/wp-json\/wp\/v2\/types\/post"}],"author":[{"embeddable":true,"href":"https:\/\/www.radioluna.it\/news\/wp-json\/wp\/v2\/users\/62"}],"replies":[{"embeddable":true,"href":"https:\/\/www.radioluna.it\/news\/wp-json\/wp\/v2\/comments?post=182566"}],"version-history":[{"count":0,"href":"https:\/\/www.radioluna.it\/news\/wp-json\/wp\/v2\/posts\/182566\/revisions"}],"wp:featuredmedia":[{"embeddable":true,"href":"https:\/\/www.radioluna.it\/news\/wp-json\/wp\/v2\/media\/182567"}],"wp:attachment":[{"href":"https:\/\/www.radioluna.it\/news\/wp-json\/wp\/v2\/media?parent=182566"}],"wp:term":[{"taxonomy":"category","embeddable":true,"href":"https:\/\/www.radioluna.it\/news\/wp-json\/wp\/v2\/categories?post=182566"},{"taxonomy":"post_tag","embeddable":true,"href":"https:\/\/www.radioluna.it\/news\/wp-json\/wp\/v2\/tags?post=182566"}],"curies":[{"name":"wp","href":"https:\/\/api.w.org\/{rel}","templated":true}]}}