{"id":182572,"date":"2016-09-17T11:44:18","date_gmt":"2016-09-17T09:44:18","guid":{"rendered":"http:\/\/www.radioluna.it\/news\/?p=182572"},"modified":"2016-09-17T11:45:48","modified_gmt":"2016-09-17T09:45:48","slug":"latina-accoltellato-il-titolare-di-un-bar-in-via-cerveteri","status":"publish","type":"post","link":"https:\/\/www.radioluna.it\/news\/2016\/09\/latina-accoltellato-il-titolare-di-un-bar-in-via-cerveteri\/","title":{"rendered":"Latina, accoltellato il titolare di un bar in Via Cerveteri, preso l&#8217;aggressore"},"content":{"rendered":"<div id=\"fb-root\"><\/div>\n<div id=\"attachment_182575\" style=\"width: 699px\" class=\"wp-caption aligncenter\"><img loading=\"lazy\" decoding=\"async\" aria-describedby=\"caption-attachment-182575\" class=\"wp-image-182575 size-thumbnail\" src=\"http:\/\/www.radioluna.it\/news\/wp-content\/uploads\/2016\/09\/polizia-invia-cerveteri-689x517.jpg\" alt=\"polizia-invia-cerveteri\" width=\"689\" height=\"517\" srcset=\"https:\/\/www.radioluna.it\/news\/wp-content\/uploads\/2016\/09\/polizia-invia-cerveteri-689x517.jpg 689w, https:\/\/www.radioluna.it\/news\/wp-content\/uploads\/2016\/09\/polizia-invia-cerveteri-300x225.jpg 300w, https:\/\/www.radioluna.it\/news\/wp-content\/uploads\/2016\/09\/polizia-invia-cerveteri-768x576.jpg 768w, https:\/\/www.radioluna.it\/news\/wp-content\/uploads\/2016\/09\/polizia-invia-cerveteri-1024x768.jpg 1024w, https:\/\/www.radioluna.it\/news\/wp-content\/uploads\/2016\/09\/polizia-invia-cerveteri-800x600.jpg 800w, https:\/\/www.radioluna.it\/news\/wp-content\/uploads\/2016\/09\/polizia-invia-cerveteri.jpg 1600w\" sizes=\"auto, (max-width: 689px) 100vw, 689px\" \/><p id=\"caption-attachment-182575\" class=\"wp-caption-text\">I rilievi della Scientifica sulla scena dell&#8217;aggressione (le foto sono di propriet\u00e0 di Radio Luna)<\/p><\/div>\n<p style=\"text-align: justify;\"><strong>LATINA<\/strong> &#8211; \u00a0Il proprietario di un bar in Via Cerveteri a Latina, S.C., queste le sue iniziali di 74 anni,\u00a0 \u00e8 stato accoltellato all&#8217;addome mentre si trovava all&#8217;interno dell&#8217;esercizio commerciale. Sul posto, alle spalle del piazzale di Obi, \u00e8 intervenuta la volante della polizia che ha fermato l&#8217;autore della violenta aggressione, si tratta di Vito Garofano, 55 anni residente a Latina arrestato con l&#8217;accusa di tentato omicidio, gli investigatori hanno sequestrato anche un grosso coltello da cucina trovato sulla scena del delitto.<\/p>\n<p style=\"text-align: justify;\">E&#8217; stata una donna a salvare con il suo intervento la vita del commerciante che \u00e8 ferito, ma non in pericolo di vita. Secondo una prima ricostruzione, infatti, la vittima era stata raggiunta dal fendente mentre si trovava all&#8217;esterno esterno del bar, ma la scena \u00e8 stata notata da una passante che \u00e8 intervenuta gettandosi contro l&#8217;aggressore. Immediato \u00e8 scattato l&#8217;allarme al 113, l&#8217;uomo \u00e8 stato bloccato dagli agenti delle Volanti e portato in Questura. Il movente della violentissima lite poi degenerata \u00e8 da ricercare in una questione di natura economica, l&#8217;aggressore infatti ha avuto dei rapporti di lavoro con il 74enne.<\/p>\n<div class=\"radio-posizionamento-telefono-in-articoli-dopo-il-contenuto-articolo radio-entity-placement\" id=\"radio-2552378500\"><div id=\"radio-3315267949\"><a href=\"https:\/\/www.simeoneceramiche.com\/\" aria-label=\"SIMEONE CERAMICHE GIF animata per radioluna_Tavola disegno 1 copia 2 (online-video-cutter.com)\"><img loading=\"lazy\" decoding=\"async\" src=\"https:\/\/www.radioluna.it\/news\/wp-content\/uploads\/2025\/05\/SIMEONE-CERAMICHE-GIF-animata-per-radioluna_Tavola-disegno-1-copia-2-online-video-cutter.com_.gif\" alt=\"\"  width=\"300\" height=\"250\"   \/><\/a><\/div><\/div>","protected":false},"excerpt":{"rendered":"<p>LATINA &#8211; \u00a0Il proprietario di un bar in Via Cerveteri a Latina, S.C., queste le sue iniziali di 74 anni,\u00a0 \u00e8 stato accoltellato all&#8217;addome mentre si trovava all&#8217;interno dell&#8217;esercizio commerciale. Sul posto, alle spalle del piazzale di Obi, \u00e8 intervenuta la volante della polizia che ha fermato l&#8217;autore della violenta aggressione, si tratta di Vito [&hellip;]<\/p>\n","protected":false},"author":62,"featured_media":0,"comment_status":"open","ping_status":"closed","sticky":false,"template":"","format":"standard","meta":{"footnotes":""},"categories":[7],"tags":[],"class_list":["post-182572","post","type-post","status-publish","format-standard","hentry","category-cronaca"],"_links":{"self":[{"href":"https:\/\/www.radioluna.it\/news\/wp-json\/wp\/v2\/posts\/182572","targetHints":{"allow":["GET"]}}],"collection":[{"href":"https:\/\/www.radioluna.it\/news\/wp-json\/wp\/v2\/posts"}],"about":[{"href":"https:\/\/www.radioluna.it\/news\/wp-json\/wp\/v2\/types\/post"}],"author":[{"embeddable":true,"href":"https:\/\/www.radioluna.it\/news\/wp-json\/wp\/v2\/users\/62"}],"replies":[{"embeddable":true,"href":"https:\/\/www.radioluna.it\/news\/wp-json\/wp\/v2\/comments?post=182572"}],"version-history":[{"count":0,"href":"https:\/\/www.radioluna.it\/news\/wp-json\/wp\/v2\/posts\/182572\/revisions"}],"wp:attachment":[{"href":"https:\/\/www.radioluna.it\/news\/wp-json\/wp\/v2\/media?parent=182572"}],"wp:term":[{"taxonomy":"category","embeddable":true,"href":"https:\/\/www.radioluna.it\/news\/wp-json\/wp\/v2\/categories?post=182572"},{"taxonomy":"post_tag","embeddable":true,"href":"https:\/\/www.radioluna.it\/news\/wp-json\/wp\/v2\/tags?post=182572"}],"curies":[{"name":"wp","href":"https:\/\/api.w.org\/{rel}","templated":true}]}}