{"id":182642,"date":"2016-09-18T11:31:56","date_gmt":"2016-09-18T09:31:56","guid":{"rendered":"http:\/\/www.radioluna.it\/news\/?p=182642"},"modified":"2016-09-18T18:52:56","modified_gmt":"2016-09-18T16:52:56","slug":"coltellate-al-bar-patteggia-e-torna-in-liberta","status":"publish","type":"post","link":"https:\/\/www.radioluna.it\/news\/2016\/09\/coltellate-al-bar-patteggia-e-torna-in-liberta\/","title":{"rendered":"Coltellate al bar, patteggia e torna in libert\u00e0"},"content":{"rendered":"<div id=\"fb-root\"><\/div>\n<p style=\"text-align: justify;\"><a href=\"http:\/\/www.radioluna.it\/news\/wp-content\/uploads\/2016\/09\/bar-via-cerveteri-2.jpg\"><img loading=\"lazy\" decoding=\"async\" class=\"aligncenter size-thumbnail wp-image-182581\" src=\"http:\/\/www.radioluna.it\/news\/wp-content\/uploads\/2016\/09\/bar-via-cerveteri-2-689x458.jpg\" alt=\"bar-via-cerveteri-2\" width=\"689\" height=\"458\" srcset=\"https:\/\/www.radioluna.it\/news\/wp-content\/uploads\/2016\/09\/bar-via-cerveteri-2-689x458.jpg 689w, https:\/\/www.radioluna.it\/news\/wp-content\/uploads\/2016\/09\/bar-via-cerveteri-2-300x200.jpg 300w, https:\/\/www.radioluna.it\/news\/wp-content\/uploads\/2016\/09\/bar-via-cerveteri-2-768x511.jpg 768w, https:\/\/www.radioluna.it\/news\/wp-content\/uploads\/2016\/09\/bar-via-cerveteri-2.jpg 800w\" sizes=\"auto, (max-width: 689px) 100vw, 689px\" \/><\/a><\/p>\n<p style=\"text-align: justify;\"><strong>LATINA-<\/strong> E&#8217; tornato in libert\u00e0 e ha patteggiato la pena di due anni di reclusione, Vito Garofano, l&#8217;uomo di 55 anni di Latina che venerd\u00ec ha accoltellato il titolare del Bar Da Tina in via Cerveteri nel capoluogo. Ieri in Tribunale si \u00e8 svolto il processo per direttissima e l&#8217;imputato ha ammesso i fatti; per lui l&#8217;accusa \u00e8 quella di lesioni gravi personali e non di tentato omicidio come invece avevano ipotizzato in un primo momento gli investigatori. Il movente del gesto trae origine da vecchi rancori tra Garofano e il titolare dell&#8217;esercizio commerciale e in un motivi di natura economica.<\/p>\n<div class=\"radio-posizionamento-telefono-in-articoli-dopo-il-contenuto-articolo radio-entity-placement\" id=\"radio-4174994572\"><div id=\"radio-2272425435\"><a href=\"https:\/\/grupporedi.it\/\" aria-label=\"Redi-Qr\"><img loading=\"lazy\" decoding=\"async\" src=\"https:\/\/www.radioluna.it\/news\/wp-content\/uploads\/2026\/03\/Redi-Qr.jpg\" alt=\"\"  srcset=\"https:\/\/www.radioluna.it\/news\/wp-content\/uploads\/2026\/03\/Redi-Qr.jpg 800w, https:\/\/www.radioluna.it\/news\/wp-content\/uploads\/2026\/03\/Redi-Qr-768x639.jpg 768w\" sizes=\"(max-width: 800px) 100vw, 800px\" width=\"300\" height=\"250\"   \/><\/a><\/div><\/div>","protected":false},"excerpt":{"rendered":"<p>LATINA- E&#8217; tornato in libert\u00e0 e ha patteggiato la pena di due anni di reclusione, Vito Garofano, l&#8217;uomo di 55 anni di Latina che venerd\u00ec ha accoltellato il titolare del Bar Da Tina in via Cerveteri nel capoluogo. Ieri in Tribunale si \u00e8 svolto il processo per direttissima e l&#8217;imputato ha ammesso i fatti; per [&hellip;]<\/p>\n","protected":false},"author":60,"featured_media":182581,"comment_status":"open","ping_status":"closed","sticky":false,"template":"","format":"standard","meta":{"footnotes":""},"categories":[7],"tags":[],"class_list":["post-182642","post","type-post","status-publish","format-standard","has-post-thumbnail","hentry","category-cronaca"],"_links":{"self":[{"href":"https:\/\/www.radioluna.it\/news\/wp-json\/wp\/v2\/posts\/182642","targetHints":{"allow":["GET"]}}],"collection":[{"href":"https:\/\/www.radioluna.it\/news\/wp-json\/wp\/v2\/posts"}],"about":[{"href":"https:\/\/www.radioluna.it\/news\/wp-json\/wp\/v2\/types\/post"}],"author":[{"embeddable":true,"href":"https:\/\/www.radioluna.it\/news\/wp-json\/wp\/v2\/users\/60"}],"replies":[{"embeddable":true,"href":"https:\/\/www.radioluna.it\/news\/wp-json\/wp\/v2\/comments?post=182642"}],"version-history":[{"count":0,"href":"https:\/\/www.radioluna.it\/news\/wp-json\/wp\/v2\/posts\/182642\/revisions"}],"wp:featuredmedia":[{"embeddable":true,"href":"https:\/\/www.radioluna.it\/news\/wp-json\/wp\/v2\/media\/182581"}],"wp:attachment":[{"href":"https:\/\/www.radioluna.it\/news\/wp-json\/wp\/v2\/media?parent=182642"}],"wp:term":[{"taxonomy":"category","embeddable":true,"href":"https:\/\/www.radioluna.it\/news\/wp-json\/wp\/v2\/categories?post=182642"},{"taxonomy":"post_tag","embeddable":true,"href":"https:\/\/www.radioluna.it\/news\/wp-json\/wp\/v2\/tags?post=182642"}],"curies":[{"name":"wp","href":"https:\/\/api.w.org\/{rel}","templated":true}]}}