{"id":182681,"date":"2016-09-19T15:56:56","date_gmt":"2016-09-19T13:56:56","guid":{"rendered":"http:\/\/www.radioluna.it\/news\/?p=182681"},"modified":"2016-09-19T15:56:56","modified_gmt":"2016-09-19T13:56:56","slug":"vivarini-stiamo-crescendo-ma-dobbiamo-ancora-lavorare-tanto","status":"publish","type":"post","link":"https:\/\/www.radioluna.it\/news\/2016\/09\/vivarini-stiamo-crescendo-ma-dobbiamo-ancora-lavorare-tanto\/","title":{"rendered":"Vivarini: &#8220;Stiamo crescendo, ma dobbiamo ancora lavorare tanto&#8221;"},"content":{"rendered":"<div id=\"fb-root\"><\/div>\n<p style=\"text-align: justify;\"><strong><a href=\"http:\/\/www.radioluna.it\/news\/wp-content\/uploads\/2016\/09\/VIVARINI-IN-CONF-STAMPA-1.jpg\"><img loading=\"lazy\" decoding=\"async\" class=\"aligncenter size-thumbnail wp-image-182683\" src=\"http:\/\/www.radioluna.it\/news\/wp-content\/uploads\/2016\/09\/VIVARINI-IN-CONF-STAMPA-1-689x458.jpg\" alt=\"vivarini-in-conf-stampa\" width=\"689\" height=\"458\" srcset=\"https:\/\/www.radioluna.it\/news\/wp-content\/uploads\/2016\/09\/VIVARINI-IN-CONF-STAMPA-1-689x458.jpg 689w, https:\/\/www.radioluna.it\/news\/wp-content\/uploads\/2016\/09\/VIVARINI-IN-CONF-STAMPA-1-300x200.jpg 300w, https:\/\/www.radioluna.it\/news\/wp-content\/uploads\/2016\/09\/VIVARINI-IN-CONF-STAMPA-1-768x511.jpg 768w, https:\/\/www.radioluna.it\/news\/wp-content\/uploads\/2016\/09\/VIVARINI-IN-CONF-STAMPA-1.jpg 800w\" sizes=\"auto, (max-width: 689px) 100vw, 689px\" \/><\/a>LATINA<\/strong> &#8211; &#8220;Siamo dispiaciuti e arrabbiati (per il pareggio a pochi minuti dalla fine contro Benevento), ma la squadra c&#8217;\u00e8, \u00e8 convinta e sono sicuro che faremo una buona prestazione&#8221;. Francesco Vivarini a corto di punti punta al risultato a Novara, dove domani (marted\u00ec 20 settembre alle 20,30) il Latina giocher\u00e0 il turno infrasettimanale del campionato di serie B. \u00a0L&#8217;allenatore ha risposto alle domande dei giornalisti nella conferenza stampa che si \u00e8 tenuta nella sala Francesco Amodio dello stadio Francioni al termine dell&#8217;allenamento mattutino.<\/p>\n<p style=\"text-align: justify;\">&#8220;Noi stiamo crescendo e stiamo diventando una squadra che se la pu\u00f2 giocare con tutti, ma che deve lavorare tanto perch\u00e9 viene da molti problemi fisici. D&#8217;altra parte abbiamo giocatori giovani, ma di gamba, di volont\u00e0 e di applicazione e questo mi lascia tranquillo&#8221;. ha proseguito il tecnico che non nasconde d&#8217;altro canto i problemi derivanti dalla condizione atletica non ottimale di Boakye, Acosty e Corvia &#8220;che hanno problemi fisici di luna data&#8221;, &#8220;ma siamo di fronte ad atleti che possono fare ugualmente la differenza&#8221;.<\/p>\n<p style=\"text-align: justify;\">Non sar\u00e0 comunque una passeggiata. Il Novara \u00e8 una squadra importante che ha alti obiettivi, arriva al match da una sconfitta pesante ed \u00e8 determinato a recuperare la strada persa. Non resta che avere fiducia, quella che a Vivarini non manca: &#8220;Dalla squadra cerco ancora pi\u00f9 solidit\u00e0 e compattezza e soluzioni diverse anche per arrivare con pi\u00f9 velocit\u00e0 nella fase di chiusura &#8211; conclude \u00a0l&#8217;allenatore &#8211; Siamo ancora troppo prevedibili e lenti nell&#8217;arrivare in zona goal, ma abbiamo la rabbia giusta&#8221;.<\/p>\n<p style=\"text-align: justify;\">ASCOLTA<\/p>\n<audio class=\"wp-audio-shortcode\" id=\"audio-182681-1\" preload=\"none\" style=\"width: 100%;\" controls=\"controls\"><source type=\"audio\/mpeg\" src=\"http:\/\/www.radioluna.it\/news\/wp-content\/uploads\/2016\/09\/vivarini-per-sito.mp3?_=1\" \/><a href=\"http:\/\/www.radioluna.it\/news\/wp-content\/uploads\/2016\/09\/vivarini-per-sito.mp3\">http:\/\/www.radioluna.it\/news\/wp-content\/uploads\/2016\/09\/vivarini-per-sito.mp3<\/a><\/audio>\n<div class=\"radio-posizionamento-telefono-in-articoli-dopo-il-contenuto-articolo radio-entity-placement\" id=\"radio-366543386\"><div id=\"radio-3297661850\"><a href=\"https:\/\/www.simeoneceramiche.com\/\" aria-label=\"SIMEONE CERAMICHE GIF animata per radioluna_Tavola disegno 1 copia 2 (online-video-cutter.com)\"><img loading=\"lazy\" decoding=\"async\" src=\"https:\/\/www.radioluna.it\/news\/wp-content\/uploads\/2025\/05\/SIMEONE-CERAMICHE-GIF-animata-per-radioluna_Tavola-disegno-1-copia-2-online-video-cutter.com_.gif\" alt=\"\"  width=\"300\" height=\"250\"   \/><\/a><\/div><\/div>","protected":false},"excerpt":{"rendered":"<p>LATINA &#8211; &#8220;Siamo dispiaciuti e arrabbiati (per il pareggio a pochi minuti dalla fine contro Benevento), ma la squadra c&#8217;\u00e8, \u00e8 convinta e sono sicuro che faremo una buona prestazione&#8221;. Francesco Vivarini a corto di punti punta al risultato a Novara, dove domani (marted\u00ec 20 settembre alle 20,30) il Latina giocher\u00e0 il turno infrasettimanale del [&hellip;]<\/p>\n","protected":false},"author":62,"featured_media":182683,"comment_status":"open","ping_status":"closed","sticky":false,"template":"","format":"standard","meta":{"footnotes":""},"categories":[2310,17],"tags":[],"class_list":["post-182681","post","type-post","status-publish","format-standard","has-post-thumbnail","hentry","category-audio","category-sport"],"_links":{"self":[{"href":"https:\/\/www.radioluna.it\/news\/wp-json\/wp\/v2\/posts\/182681","targetHints":{"allow":["GET"]}}],"collection":[{"href":"https:\/\/www.radioluna.it\/news\/wp-json\/wp\/v2\/posts"}],"about":[{"href":"https:\/\/www.radioluna.it\/news\/wp-json\/wp\/v2\/types\/post"}],"author":[{"embeddable":true,"href":"https:\/\/www.radioluna.it\/news\/wp-json\/wp\/v2\/users\/62"}],"replies":[{"embeddable":true,"href":"https:\/\/www.radioluna.it\/news\/wp-json\/wp\/v2\/comments?post=182681"}],"version-history":[{"count":0,"href":"https:\/\/www.radioluna.it\/news\/wp-json\/wp\/v2\/posts\/182681\/revisions"}],"wp:featuredmedia":[{"embeddable":true,"href":"https:\/\/www.radioluna.it\/news\/wp-json\/wp\/v2\/media\/182683"}],"wp:attachment":[{"href":"https:\/\/www.radioluna.it\/news\/wp-json\/wp\/v2\/media?parent=182681"}],"wp:term":[{"taxonomy":"category","embeddable":true,"href":"https:\/\/www.radioluna.it\/news\/wp-json\/wp\/v2\/categories?post=182681"},{"taxonomy":"post_tag","embeddable":true,"href":"https:\/\/www.radioluna.it\/news\/wp-json\/wp\/v2\/tags?post=182681"}],"curies":[{"name":"wp","href":"https:\/\/api.w.org\/{rel}","templated":true}]}}