{"id":182709,"date":"2016-09-20T09:31:38","date_gmt":"2016-09-20T07:31:38","guid":{"rendered":"http:\/\/www.radioluna.it\/news\/?p=182709"},"modified":"2016-09-20T09:31:38","modified_gmt":"2016-09-20T07:31:38","slug":"mezzanotte-con-harry-potter-alla-feltrinelli-di-latina","status":"publish","type":"post","link":"https:\/\/www.radioluna.it\/news\/2016\/09\/mezzanotte-con-harry-potter-alla-feltrinelli-di-latina\/","title":{"rendered":"Mezzanotte con Harry Potter alla Feltrinelli di Latina"},"content":{"rendered":"<div id=\"fb-root\"><\/div>\n<p style=\"text-align: justify;\"><strong><img loading=\"lazy\" decoding=\"async\" class=\"aligncenter size-full wp-image-182710\" src=\"http:\/\/www.radioluna.it\/news\/wp-content\/uploads\/2016\/09\/harry.jpg\" alt=\"Harry Potter\" width=\"457\" height=\"703\" srcset=\"https:\/\/www.radioluna.it\/news\/wp-content\/uploads\/2016\/09\/harry.jpg 457w, https:\/\/www.radioluna.it\/news\/wp-content\/uploads\/2016\/09\/harry-195x300.jpg 195w\" sizes=\"auto, (max-width: 457px) 100vw, 457px\" \/>LATINA<\/strong> &#8211; Anche la Libreria Feltrinelli di Latina partecipa all\u2019iniziativa \u201cMezzanotte con Harry Potter\u201d per celebrare uno degli eventi pi\u00f9 attesi dell\u2019anno: l\u2019uscita in libreria di Harry Potter e la maledizione dell\u2019erede, tradotto e pubblicato in Italia da Salani. &#8220;Per questa occasione &#8211; spiega il direttore Massimo Bortoletto &#8211; \u00a0venerd\u00ec 23 settembre la Libreria Feltrinelli sar\u00e0 aperta tutta la notte e, allo scoccare della mezzanotte, dar\u00e0 il via alla vendita del libro&#8221;.<\/p>\n<p style=\"text-align: justify;\">Parliamo di &#8220;Harry Potter e la maledizione dell\u2019erede&#8221; (Salani), tratto dalla mitica storia a puntate uscita dalla penna di J.K. Rowling, \u00e8 il testo scritto da John Tiffany e Jack Thorne per il nuovo spettacolo teatrale di Jack Thorne, la prima storia ufficiale di Harry Potter a essere rappresentata a teatro.<\/p>\n<p style=\"text-align: justify;\">Mentre Harry fa i conti con un passato che si rifiuta di rimanere tale, il figlio minore Albus deve lottare con il peso dell\u2019eredit\u00e0 famigliare che non ha mai voluto. Il passato e il presente si fondono minacciosamente e padre e figlio apprendono una scomoda verit\u00e0: talvolta l\u2019oscurit\u00e0 proviene da luoghi inaspettati\u2026<\/p>\n<p style=\"text-align: justify;\">Saranno oltre trenta in tutta Italia, da Milano a messina, le Feltrinelli aperte per l&#8217;occasione. In Inghilterra, dove il libro \u00e8 uscito in anteprima in lingua originale, l&#8217;iniziativa della mezzanotte con Harry Potter \u00e8 stata un successo.<\/p>\n","protected":false},"excerpt":{"rendered":"<p>LATINA &#8211; Anche la Libreria Feltrinelli di Latina partecipa all\u2019iniziativa \u201cMezzanotte con Harry Potter\u201d per celebrare uno degli eventi pi\u00f9 attesi dell\u2019anno: l\u2019uscita in libreria di Harry Potter e la maledizione dell\u2019erede, tradotto e pubblicato in Italia da Salani. &#8220;Per questa occasione &#8211; spiega il direttore Massimo Bortoletto &#8211; \u00a0venerd\u00ec 23 settembre la Libreria Feltrinelli [&hellip;]<\/p>\n","protected":false},"author":62,"featured_media":182710,"comment_status":"open","ping_status":"closed","sticky":false,"template":"","format":"standard","meta":{"footnotes":""},"categories":[16],"tags":[],"class_list":["post-182709","post","type-post","status-publish","format-standard","has-post-thumbnail","hentry","category-appuntamenti"],"_links":{"self":[{"href":"https:\/\/www.radioluna.it\/news\/wp-json\/wp\/v2\/posts\/182709","targetHints":{"allow":["GET"]}}],"collection":[{"href":"https:\/\/www.radioluna.it\/news\/wp-json\/wp\/v2\/posts"}],"about":[{"href":"https:\/\/www.radioluna.it\/news\/wp-json\/wp\/v2\/types\/post"}],"author":[{"embeddable":true,"href":"https:\/\/www.radioluna.it\/news\/wp-json\/wp\/v2\/users\/62"}],"replies":[{"embeddable":true,"href":"https:\/\/www.radioluna.it\/news\/wp-json\/wp\/v2\/comments?post=182709"}],"version-history":[{"count":0,"href":"https:\/\/www.radioluna.it\/news\/wp-json\/wp\/v2\/posts\/182709\/revisions"}],"wp:featuredmedia":[{"embeddable":true,"href":"https:\/\/www.radioluna.it\/news\/wp-json\/wp\/v2\/media\/182710"}],"wp:attachment":[{"href":"https:\/\/www.radioluna.it\/news\/wp-json\/wp\/v2\/media?parent=182709"}],"wp:term":[{"taxonomy":"category","embeddable":true,"href":"https:\/\/www.radioluna.it\/news\/wp-json\/wp\/v2\/categories?post=182709"},{"taxonomy":"post_tag","embeddable":true,"href":"https:\/\/www.radioluna.it\/news\/wp-json\/wp\/v2\/tags?post=182709"}],"curies":[{"name":"wp","href":"https:\/\/api.w.org\/{rel}","templated":true}]}}