{"id":182783,"date":"2016-09-21T13:21:28","date_gmt":"2016-09-21T11:21:28","guid":{"rendered":"http:\/\/www.radioluna.it\/news\/?p=182783"},"modified":"2016-09-21T13:23:18","modified_gmt":"2016-09-21T11:23:18","slug":"paolo-rumiz-a-cisterna-per-parlare-di-appia","status":"publish","type":"post","link":"https:\/\/www.radioluna.it\/news\/2016\/09\/paolo-rumiz-a-cisterna-per-parlare-di-appia\/","title":{"rendered":"Paolo Rumiz a Cisterna per parlare di Appia"},"content":{"rendered":"<div id=\"fb-root\"><\/div>\n<p style=\"text-align: justify;\"><strong><img loading=\"lazy\" decoding=\"async\" class=\"aligncenter size-full wp-image-182785\" src=\"http:\/\/www.radioluna.it\/news\/wp-content\/uploads\/2016\/09\/Paolo-Rumiz-Appia.jpg\" alt=\"paolo-rumiz-appia\" width=\"600\" height=\"340\" srcset=\"https:\/\/www.radioluna.it\/news\/wp-content\/uploads\/2016\/09\/Paolo-Rumiz-Appia.jpg 600w, https:\/\/www.radioluna.it\/news\/wp-content\/uploads\/2016\/09\/Paolo-Rumiz-Appia-300x170.jpg 300w\" sizes=\"auto, (max-width: 600px) 100vw, 600px\" \/>CISTERNA<\/strong> &#8211; Paolo Rumiz dopo aver viaggiato lungo la via Appia e dopo averla raccontata nel suo ultimo libro edito da Feltrinelli, \u00a0sar\u00e0 ospite di \u201cAperilibri\u201d, la rassegna in programma a Palazzo Caetani a Cisterna. L&#8217; incontro con lo scrittore &#8211; viaggiatore \u00e8 in programma venerd\u00ec 23 alle 18.<\/p>\n<p style=\"text-align: justify;\">Triestino, Rumiz \u00e8 diventato famoso per i suoi incredibili viaggi molti dei quali raccontati sulle pagine de \u201cLa Repubblica\u201d. Come l&#8217;ultimo, la scorsa estate, 29 giorni a piedi lungo l&#8217;Appia, da Roma a Brindisi, passando per l&#8217;Agro pontino. Lo racconter\u00e0 a Cisterna guidando il pubblico alla scoperta di antiche e nuove bellezze (e bruttezze) della Regina Viarum.<\/p>\n<p style=\"text-align: justify;\">Al termine dell&#8217;incontro letterario,\u00a0organizzato dalla libreria Voland in collaborazione con la Biblioteca comunale, alle 20 si terr\u00e0 un bookwhisper a cura di Mobilitazioni Artistiche, e alle 21 il concerto degli allievi e docenti dell&#8217;Associazione Musicale Caetani, per presentare i corsi musicali, appunto, di cui sono animatori Elio e Eleonora Tatti.<\/p>\n","protected":false},"excerpt":{"rendered":"<p>CISTERNA &#8211; Paolo Rumiz dopo aver viaggiato lungo la via Appia e dopo averla raccontata nel suo ultimo libro edito da Feltrinelli, \u00a0sar\u00e0 ospite di \u201cAperilibri\u201d, la rassegna in programma a Palazzo Caetani a Cisterna. L&#8217; incontro con lo scrittore &#8211; viaggiatore \u00e8 in programma venerd\u00ec 23 alle 18. Triestino, Rumiz \u00e8 diventato famoso per [&hellip;]<\/p>\n","protected":false},"author":62,"featured_media":182785,"comment_status":"open","ping_status":"closed","sticky":false,"template":"","format":"standard","meta":{"footnotes":""},"categories":[16],"tags":[],"class_list":["post-182783","post","type-post","status-publish","format-standard","has-post-thumbnail","hentry","category-appuntamenti"],"_links":{"self":[{"href":"https:\/\/www.radioluna.it\/news\/wp-json\/wp\/v2\/posts\/182783","targetHints":{"allow":["GET"]}}],"collection":[{"href":"https:\/\/www.radioluna.it\/news\/wp-json\/wp\/v2\/posts"}],"about":[{"href":"https:\/\/www.radioluna.it\/news\/wp-json\/wp\/v2\/types\/post"}],"author":[{"embeddable":true,"href":"https:\/\/www.radioluna.it\/news\/wp-json\/wp\/v2\/users\/62"}],"replies":[{"embeddable":true,"href":"https:\/\/www.radioluna.it\/news\/wp-json\/wp\/v2\/comments?post=182783"}],"version-history":[{"count":0,"href":"https:\/\/www.radioluna.it\/news\/wp-json\/wp\/v2\/posts\/182783\/revisions"}],"wp:featuredmedia":[{"embeddable":true,"href":"https:\/\/www.radioluna.it\/news\/wp-json\/wp\/v2\/media\/182785"}],"wp:attachment":[{"href":"https:\/\/www.radioluna.it\/news\/wp-json\/wp\/v2\/media?parent=182783"}],"wp:term":[{"taxonomy":"category","embeddable":true,"href":"https:\/\/www.radioluna.it\/news\/wp-json\/wp\/v2\/categories?post=182783"},{"taxonomy":"post_tag","embeddable":true,"href":"https:\/\/www.radioluna.it\/news\/wp-json\/wp\/v2\/tags?post=182783"}],"curies":[{"name":"wp","href":"https:\/\/api.w.org\/{rel}","templated":true}]}}