{"id":182820,"date":"2016-09-22T15:09:08","date_gmt":"2016-09-22T13:09:08","guid":{"rendered":"http:\/\/www.radioluna.it\/news\/?p=182820"},"modified":"2016-10-05T20:39:16","modified_gmt":"2016-10-05T18:39:16","slug":"puliamo-latina-volontari-armati-di-guanti-e-sacchi-in-soccorso-alla-citta-ma-e-solo-linizio","status":"publish","type":"post","link":"https:\/\/www.radioluna.it\/news\/2016\/09\/puliamo-latina-volontari-armati-di-guanti-e-sacchi-in-soccorso-alla-citta-ma-e-solo-linizio\/","title":{"rendered":"Puliamo Latina: volontari con guanti e sacchi in soccorso alla citt\u00e0. &#8220;Ma \u00e8 solo l&#8217;inizio&#8221;"},"content":{"rendered":"<div id=\"fb-root\"><\/div>\n<div id=\"attachment_182831\" style=\"width: 699px\" class=\"wp-caption aligncenter\"><img loading=\"lazy\" decoding=\"async\" aria-describedby=\"caption-attachment-182831\" class=\"wp-image-182831 size-thumbnail\" src=\"http:\/\/www.radioluna.it\/news\/wp-content\/uploads\/2016\/09\/puliamo-2-689x81.jpg\" alt=\"puliamo-2\" width=\"689\" height=\"81\" srcset=\"https:\/\/www.radioluna.it\/news\/wp-content\/uploads\/2016\/09\/puliamo-2-689x81.jpg 689w, https:\/\/www.radioluna.it\/news\/wp-content\/uploads\/2016\/09\/puliamo-2-300x35.jpg 300w, https:\/\/www.radioluna.it\/news\/wp-content\/uploads\/2016\/09\/puliamo-2-768x91.jpg 768w, https:\/\/www.radioluna.it\/news\/wp-content\/uploads\/2016\/09\/puliamo-2-800x95.jpg 800w, https:\/\/www.radioluna.it\/news\/wp-content\/uploads\/2016\/09\/puliamo-2.jpg 990w\" sizes=\"auto, (max-width: 689px) 100vw, 689px\" \/><p id=\"caption-attachment-182831\" class=\"wp-caption-text\">Puliamo il mondo<\/p><\/div>\n<p style=\"text-align: justify;\"><strong>LATINA<\/strong> &#8211; Sar\u00e0 sufficiente portare un paio di guanti, un gilet catarifrangente e qualche sacco nero della spazzatura. Mentre la pettorina di Legambiente, edizione 2016 di Puliamo il Mondo, la consegner\u00e0 l&#8217;organizzazione. Saranno armati soprattutto di buona volont\u00e0 e della voglia di rendere pi\u00f9 bella Latina, le venti associazioni che sabato e domenica si daranno da fare per pulire la citt\u00e0 dai rifiuti lasciati in strada e nei parchi, al centro come in periferia. Domani, invece, (venerd\u00ec 23) scenderanno in campo le scuole che hanno aderito all&#8217;iniziativa dietro le insegne della Rete per l&#8217;Educazione Ambientale. Cos\u00ec Latina partecipa alla campagna ambientalista Puliamo il Mondo.<\/p>\n<p style=\"text-align: justify;\">&#8220;La grande novit\u00e0 di quest\u2019anno \u00e8 rappresentata dalla partecipazione dell\u2019Amministrazione Comunale di Latina che per la prima volta aderisce all\u2019evento nazionale dimostrando, e questa \u00e8 la vera novit\u00e0, una diversa e importante sensibilit\u00e0 nei confronti dell\u2019ambiente&#8221; , spiega Bruno Mucci coordinatore del\u00a0Forum LBC Decoro Urbano, costituitosi ad agosto proprio con l&#8217;obiettivo di promuovere stabilmente iniziative per il decoro urbano.<\/p>\n<p style=\"text-align: justify;\">&#8220;Bisogna mirare a rendere pi\u00f9 sostenibili gli spazi urbani, per renderli luoghi dove vivere, lavorare e trascorrere il tempo libero in modo pi\u00f9 piacevole. Il fatto che tanti cittadini organizzati in associazioni si prendano cura del territorio aderendo a questo evento rappresenta un punto nodale e strategico nel governo del territorio, che in questo modo viene sorvegliato e custodito dai suoi stessi abitanti&#8221;.<\/p>\n<p style=\"text-align: justify;\">&#8220;Questa manifestazione, con la sua ampia partecipazione, assume un valore particolare in una citt\u00e0 che, per decenni ha subito il degrado urbano e ambientale in una zona unica al mondo per le caratteristiche climatiche &#8211; sottolinea Emanuela Leonilli, presidente del Circolo Arcobaleno di Legambiente &#8211;\u00a0Anche per questo salutiamo l&#8217;adesione del Comune a questa manifestazione: che sia di auspicio per risolvere i gravi problemi che affliggono il territorio\u00a0 come la discarica di Borgo Montellio, la Centrale nucleare e la raccolta e lo smaltimento dei rifiuti.\u00a0Infine vogliamo sottolineare che questo anno la campagna ha come sottotitolo Oltre le Barriere, proprio nell&#8217;ottica della partecipazione di tutti: migranti,disabili, periferie del territorio, nel nostro caso i BORGHI, perch\u00e9 sia possibile una migliore connessione e accoglienza per tutti&#8221;.<\/p>\n<p style=\"text-align: justify;\">La citt\u00e0 \u00e8 stata divisa in grandi aree e sono vari i punti di ritrovo da dove prenderanno il via le azioni dei volontari. Sabato (alle 9) i luoghi di ritrovo scelti sono: Parco San Marco (lato ospedale Santa Maria Goretti a Latina), Parco Europa, Fogliano (sotto la tettoia), Le Ferriere (Bar Cuggi) e Piazzale Trieste.<\/p>\n<p style=\"text-align: justify;\">Domenica invece sono previste azioni saranno a Latina Scalo, Borgo San Michele, Via del Lido per pulire il Cicerchia, Piazza del Quadrato, \u00a0Via Pierluigi da Palestrina e Piazza Udine.<\/p>\n<p style=\"text-align: justify;\"><strong>Ascolta Bruno Mucci<\/strong><\/p>\n<audio class=\"wp-audio-shortcode\" id=\"audio-182820-1\" preload=\"none\" style=\"width: 100%;\" controls=\"controls\"><source type=\"audio\/mpeg\" src=\"http:\/\/www.radioluna.it\/news\/wp-content\/uploads\/2016\/09\/PULIAMO-IL-MONDO-PER-SITO.mp3?_=1\" \/><a href=\"http:\/\/www.radioluna.it\/news\/wp-content\/uploads\/2016\/09\/PULIAMO-IL-MONDO-PER-SITO.mp3\">http:\/\/www.radioluna.it\/news\/wp-content\/uploads\/2016\/09\/PULIAMO-IL-MONDO-PER-SITO.mp3<\/a><\/audio>\n<p style=\"text-align: justify;\"><img loading=\"lazy\" decoding=\"async\" class=\"aligncenter size-thumbnail wp-image-182830\" src=\"http:\/\/www.radioluna.it\/news\/wp-content\/uploads\/2016\/09\/programma-puliamo-689x303.jpg\" alt=\"programma-puliamo\" width=\"689\" height=\"303\" srcset=\"https:\/\/www.radioluna.it\/news\/wp-content\/uploads\/2016\/09\/programma-puliamo-689x303.jpg 689w, https:\/\/www.radioluna.it\/news\/wp-content\/uploads\/2016\/09\/programma-puliamo-300x132.jpg 300w, https:\/\/www.radioluna.it\/news\/wp-content\/uploads\/2016\/09\/programma-puliamo.jpg 750w\" sizes=\"auto, (max-width: 689px) 100vw, 689px\" \/><\/p>\n<div class=\"radio-posizionamento-telefono-in-articoli-dopo-il-contenuto-articolo radio-entity-placement\" id=\"radio-1514336503\"><div id=\"radio-2927703147\"><a href=\"https:\/\/grupporedi.it\/\" aria-label=\"Redi-Qr\"><img loading=\"lazy\" decoding=\"async\" src=\"https:\/\/www.radioluna.it\/news\/wp-content\/uploads\/2026\/03\/Redi-Qr.jpg\" alt=\"\"  srcset=\"https:\/\/www.radioluna.it\/news\/wp-content\/uploads\/2026\/03\/Redi-Qr.jpg 800w, https:\/\/www.radioluna.it\/news\/wp-content\/uploads\/2026\/03\/Redi-Qr-768x639.jpg 768w\" sizes=\"(max-width: 800px) 100vw, 800px\" width=\"300\" height=\"250\"   \/><\/a><\/div><\/div>","protected":false},"excerpt":{"rendered":"<p>LATINA &#8211; Sar\u00e0 sufficiente portare un paio di guanti, un gilet catarifrangente e qualche sacco nero della spazzatura. Mentre la pettorina di Legambiente, edizione 2016 di Puliamo il Mondo, la consegner\u00e0 l&#8217;organizzazione. Saranno armati soprattutto di buona volont\u00e0 e della voglia di rendere pi\u00f9 bella Latina, le venti associazioni che sabato e domenica si daranno [&hellip;]<\/p>\n","protected":false},"author":62,"featured_media":182831,"comment_status":"open","ping_status":"closed","sticky":false,"template":"","format":"standard","meta":{"footnotes":""},"categories":[12,16,2310],"tags":[],"class_list":["post-182820","post","type-post","status-publish","format-standard","has-post-thumbnail","hentry","category-ambiente","category-appuntamenti","category-audio"],"_links":{"self":[{"href":"https:\/\/www.radioluna.it\/news\/wp-json\/wp\/v2\/posts\/182820","targetHints":{"allow":["GET"]}}],"collection":[{"href":"https:\/\/www.radioluna.it\/news\/wp-json\/wp\/v2\/posts"}],"about":[{"href":"https:\/\/www.radioluna.it\/news\/wp-json\/wp\/v2\/types\/post"}],"author":[{"embeddable":true,"href":"https:\/\/www.radioluna.it\/news\/wp-json\/wp\/v2\/users\/62"}],"replies":[{"embeddable":true,"href":"https:\/\/www.radioluna.it\/news\/wp-json\/wp\/v2\/comments?post=182820"}],"version-history":[{"count":0,"href":"https:\/\/www.radioluna.it\/news\/wp-json\/wp\/v2\/posts\/182820\/revisions"}],"wp:featuredmedia":[{"embeddable":true,"href":"https:\/\/www.radioluna.it\/news\/wp-json\/wp\/v2\/media\/182831"}],"wp:attachment":[{"href":"https:\/\/www.radioluna.it\/news\/wp-json\/wp\/v2\/media?parent=182820"}],"wp:term":[{"taxonomy":"category","embeddable":true,"href":"https:\/\/www.radioluna.it\/news\/wp-json\/wp\/v2\/categories?post=182820"},{"taxonomy":"post_tag","embeddable":true,"href":"https:\/\/www.radioluna.it\/news\/wp-json\/wp\/v2\/tags?post=182820"}],"curies":[{"name":"wp","href":"https:\/\/api.w.org\/{rel}","templated":true}]}}