{"id":182825,"date":"2016-09-22T14:27:18","date_gmt":"2016-09-22T12:27:18","guid":{"rendered":"http:\/\/www.radioluna.it\/news\/?p=182825"},"modified":"2016-09-23T12:42:16","modified_gmt":"2016-09-23T10:42:16","slug":"sperlonga-set-cinematografico-per-antonio-albanese-girera-a-casa","status":"publish","type":"post","link":"https:\/\/www.radioluna.it\/news\/2016\/09\/sperlonga-set-cinematografico-per-antonio-albanese-girera-a-casa\/","title":{"rendered":"Sperlonga, set cinematografico per Antonio Albanese: girer\u00e0 \u201cA casa\u201d"},"content":{"rendered":"<div id=\"fb-root\"><\/div>\n<div class=\"\"><\/div>\n<div class=\"\" style=\"text-align: justify;\"><b><img loading=\"lazy\" decoding=\"async\" class=\"aligncenter size-thumbnail wp-image-182827\" src=\"http:\/\/www.radioluna.it\/news\/wp-content\/uploads\/2016\/09\/albanese-689x388.jpg\" alt=\"albanese\" width=\"689\" height=\"388\" srcset=\"https:\/\/www.radioluna.it\/news\/wp-content\/uploads\/2016\/09\/albanese-689x388.jpg 689w, https:\/\/www.radioluna.it\/news\/wp-content\/uploads\/2016\/09\/albanese-300x169.jpg 300w, https:\/\/www.radioluna.it\/news\/wp-content\/uploads\/2016\/09\/albanese-768x432.jpg 768w, https:\/\/www.radioluna.it\/news\/wp-content\/uploads\/2016\/09\/albanese-1024x576.jpg 1024w, https:\/\/www.radioluna.it\/news\/wp-content\/uploads\/2016\/09\/albanese-800x450.jpg 800w, https:\/\/www.radioluna.it\/news\/wp-content\/uploads\/2016\/09\/albanese.jpg 1280w\" sizes=\"auto, (max-width: 689px) 100vw, 689px\" \/>SPERLONGA\u00a0<\/b>&#8211;\u00a0Nei prossimi giorni Sperlonga sar\u00e0 set del nuovo film di Antonio Albanese &#8220;A casa&#8221; (prodotto dalla\u00a0Fandango) \u00a0che\u00a0racconta una storia di emigrazione al contrario, un viaggio da Milano in Senegal.\u00a0Il Comune ha concesso il patrocinio per le riprese:<\/div>\n<div class=\"\" style=\"text-align: justify;\">\u00abSiamo felici di ospitare la casa di produzione Fandango e Antonio Albanese per le riprese del suo ultimo film &#8211; dichiara Sara Kelany, Delegata del Sindaco di Sperlonga ai fondi e programmi UE\u00a0 &#8211; \u00c8 un&#8217;ottima occasione per promuovere ulteriormente l&#8217;immagine del nostro paese. La cittadinanza e gli esercenti sono stati tutti molto accoglienti, dimostrando non solo senso civico, ma anche una grande ospitalit\u00e0, cos\u00ec come si conviene ad un paese a vocazione turistica come il nostro. \u00c8 evidente che questo film porter\u00e0 grossi benefici in termini di promozione e di indotto, ed \u00e8 la conferma che il nostro Comune \u00e8 un candidato naturale per questo tipo di iniziative\u00bb.<\/div>\n<div class=\"\" style=\"text-align: justify;\">Le riprese verranno effettuate nei giorni 24, 26 e 27 settembre in vari punti del territorio comunale.<\/div>\n<div class=\"\"><\/div>\n<div class=\"radio-posizionamento-telefono-in-articoli-dopo-il-contenuto-articolo radio-entity-placement\" id=\"radio-631486978\"><div id=\"radio-2508204044\"><a href=\"https:\/\/www.simeoneceramiche.com\/\" aria-label=\"SIMEONE CERAMICHE GIF animata per radioluna_Tavola disegno 1 copia 2 (online-video-cutter.com)\"><img loading=\"lazy\" decoding=\"async\" src=\"https:\/\/www.radioluna.it\/news\/wp-content\/uploads\/2025\/05\/SIMEONE-CERAMICHE-GIF-animata-per-radioluna_Tavola-disegno-1-copia-2-online-video-cutter.com_.gif\" alt=\"\"  width=\"300\" height=\"250\"   \/><\/a><\/div><\/div>","protected":false},"excerpt":{"rendered":"<p>SPERLONGA\u00a0&#8211;\u00a0Nei prossimi giorni Sperlonga sar\u00e0 set del nuovo film di Antonio Albanese &#8220;A casa&#8221; (prodotto dalla\u00a0Fandango) \u00a0che\u00a0racconta una storia di emigrazione al contrario, un viaggio da Milano in Senegal.\u00a0Il Comune ha concesso il patrocinio per le riprese: \u00abSiamo felici di ospitare la casa di produzione Fandango e Antonio Albanese per le riprese del suo ultimo [&hellip;]<\/p>\n","protected":false},"author":62,"featured_media":182827,"comment_status":"open","ping_status":"closed","sticky":false,"template":"","format":"standard","meta":{"footnotes":""},"categories":[735],"tags":[],"class_list":["post-182825","post","type-post","status-publish","format-standard","has-post-thumbnail","hentry","category-attualita"],"_links":{"self":[{"href":"https:\/\/www.radioluna.it\/news\/wp-json\/wp\/v2\/posts\/182825","targetHints":{"allow":["GET"]}}],"collection":[{"href":"https:\/\/www.radioluna.it\/news\/wp-json\/wp\/v2\/posts"}],"about":[{"href":"https:\/\/www.radioluna.it\/news\/wp-json\/wp\/v2\/types\/post"}],"author":[{"embeddable":true,"href":"https:\/\/www.radioluna.it\/news\/wp-json\/wp\/v2\/users\/62"}],"replies":[{"embeddable":true,"href":"https:\/\/www.radioluna.it\/news\/wp-json\/wp\/v2\/comments?post=182825"}],"version-history":[{"count":0,"href":"https:\/\/www.radioluna.it\/news\/wp-json\/wp\/v2\/posts\/182825\/revisions"}],"wp:featuredmedia":[{"embeddable":true,"href":"https:\/\/www.radioluna.it\/news\/wp-json\/wp\/v2\/media\/182827"}],"wp:attachment":[{"href":"https:\/\/www.radioluna.it\/news\/wp-json\/wp\/v2\/media?parent=182825"}],"wp:term":[{"taxonomy":"category","embeddable":true,"href":"https:\/\/www.radioluna.it\/news\/wp-json\/wp\/v2\/categories?post=182825"},{"taxonomy":"post_tag","embeddable":true,"href":"https:\/\/www.radioluna.it\/news\/wp-json\/wp\/v2\/tags?post=182825"}],"curies":[{"name":"wp","href":"https:\/\/api.w.org\/{rel}","templated":true}]}}