{"id":182886,"date":"2016-09-23T17:16:20","date_gmt":"2016-09-23T15:16:20","guid":{"rendered":"http:\/\/www.radioluna.it\/news\/?p=182886"},"modified":"2016-09-23T17:27:28","modified_gmt":"2016-09-23T15:27:28","slug":"un-mese-a-climathon-latina-si-organizza","status":"publish","type":"post","link":"https:\/\/www.radioluna.it\/news\/2016\/09\/un-mese-a-climathon-latina-si-organizza\/","title":{"rendered":"Un mese a Climathon, Latina si organizza"},"content":{"rendered":"<div id=\"fb-root\"><\/div>\n<p style=\"text-align: justify;\"><strong><a href=\"http:\/\/www.radioluna.it\/news\/wp-content\/uploads\/2016\/09\/scadenze.jpg\"><img loading=\"lazy\" decoding=\"async\" class=\"aligncenter size-thumbnail wp-image-182887\" src=\"http:\/\/www.radioluna.it\/news\/wp-content\/uploads\/2016\/09\/scadenze-689x954.jpg\" alt=\"scadenze\" width=\"689\" height=\"954\" \/><\/a>LATINA &#8211;<\/strong> A quasi un mese da Climathon, la grande maratona culturale sul clima, il tessuto cittadino \u00e8 pienamente coinvolto nella sua preparazione. Le istituzioni, gli imprenditori, le associazioni e le universit\u00e0 si stanno organizzando. Da qualche giorno l\u2019evento di Latina \u00e8 ufficialmente sul portale internazionale di Climathon che \u00e8 visionabile al link https:\/\/climathon.climate-kic.org\/latina, al fianco di grandi metropoli globali quali Parigi, Bogot\u00e0, Canberra, Indianapolis, Mumbai, Melbourne, Shangai, Toronto e molte altre.<br \/>\nScadenze e struttura sono adesso disponibili. Il 28 ottobre 2016, Latina unica citt\u00e0 del centro e sud Italia parteciper\u00e0 in contemporanea assieme ad altre 120 citt\u00e0 nel mondo all\u2019evento, che si prefigge di mettere insieme i portatori d\u2019interesse del nostro territorio con l\u2019obiettivo di produrre nuovi posti di lavoro nel settore dell\u2019economia circolare, e per questo motivo si intitola \u201cGOL \u2013 Green Opportunities in Latina: l\u2019azione per il clima aiuta lo sviluppo locale\u201d. Climathon riparte dalle decisioni prese alla Conferenza Mondiale sul Clima di Parigi del dicembre 2015 e le porta all\u2019attenzione di ogni singolo territorio che vuole impegnarsi concretamente per la mitigazione e l&#8217;adattamento ai cambiamenti climatici. I temi dello sviluppo sostenibile, della sostenibilit\u00e0 energetica, della mobilit\u00e0 urbana, dell\u2019agricoltura e dell\u2019industria verde, dell\u2019uso cosciente delle nostre risorse naturali, idriche e geotermiche saranno al centro della giornata. La Citt\u00e0 si unir\u00e0 in una squadra unica con l&#8217;obiettivo condiviso di rendere migliore il nostro territorio e creare occasioni lavorative.<br \/>\nFinora, le associazioni organizzatrici dell\u2019evento Sempre Verde Pro Natura Latina e G.A.P. (Generation, Activities, Projects), con il Patrocinio del Comune di Latina hanno ricevuto l\u2019appoggio di numerose realt\u00e0 territoriali e sponsor. Questo \u00e8 avvenuto dopo una prima fase di apertura pubblica durante il mese di agosto grazie all\u2019entusiastica adesione di privati cittadini e associazioni cittadine quali il Movimento Latina in Bicicletta, Legambiente Circolo Arcobaleno Pontino, Latina in Itinere e del Gruppo Giovani dell\u2019Associazione Latina Bene Comune. Il cambiamento passa per l\u2019unione propositiva delle persone e la connessione pratica della loro fantasia imprenditoriale.<br \/>\nIl Polo dell\u2019Universit\u00e0 \u201cSapienza\u201d di Latina ospiter\u00e0 Climathon nelle sedi di Economia e Ingegneria. La mattina del 28 ottobre si terr\u00e0 ad Economia la seduta plenaria mattutina con interventi di studiosi, esperti e specialisti dei differenti settori. Nel pomeriggio ad Ingegneria si terranno i tavoli tecnici per poi ritornare in serata di nuovo ad Economia per la plenaria conclusiva. Una degustazione sar\u00e0 offerta dai produttori locali che vogliano esporre i loro prodotti e supportare l\u2019evento. Ci saranno circa 210 partecipanti uditori nella plenaria mattutina e circa 100 circa di questi potranno partecipare ai tavoli pomeridiani per la formulazione delle idee progettuali. L\u2019iscrizione \u00e8 gratuita ed \u00e8 divisa in due parti indipendenti.<br \/>\nLe iscrizioni alla sessione plenaria della mattina saranno aperte la prima settimana di ottobre e ne verr\u00e0 data comunicazione sui canali dell\u2019evento locale (http:\/\/sempreverdelatina.weebly.com\/climathon-blog-lt) Le istituzioni scolastiche potranno presenziare partecipare alla sessione plenaria della mattina con i migliori o pi\u00f9 interessati dei loro alunni. \u00c8 previsto un gruppo di circa 50 studenti comprensivo anche degli studenti universitari. Chi tra quest\u2019ultimi presenter\u00e0 delle idee innovative al momento dell\u2019iscrizione potr\u00e0 insieme agli specializzandi e i dottorandi essere selezionato per partecipare ai tavoli tematici di lavoro con i loro progetti.<br \/>\nLe iscrizioni ai tavoli tecnici pomeridiani sono ufficialmente aperte sino al 30 settembre sul portale internazionale accedendo alla pagina https:\/\/climathon.climate-kic.org\/join (per tutte le istruzioni fare riferimento alla pagina dell\u2019evento di Latina https:\/\/climathon.climate-kic.org\/latina). I partecipanti ai tavoli pomeridiani potranno sviluppare i loro progetti innovativi con importanti attori del territorio. Le risorse intellettuali e scientifiche della citt\u00e0 verranno messe in campo valorizzando le idee pi\u00f9 innovative e cooperando per una migliore sintesi tra gli interessi e le proposte che emergeranno: ogni tavolo dovr\u00e0 concludere i propri lavori presentando una sola idea ad una giuria composta da referenti delle istituzioni locali. C\u2019\u00e8 ancora un po\u2019 di tempo per appoggiare il progetto ed esserne co-promotori. In particolare, la scadenza per le sponsorizzazioni \u00e8 fissata al 30 settembre. Sono previsti differenti livelli di sponsorizzazioni dell\u2019evento da parte dei soggetti interessati che godranno di diversi benefici pubblicitari e d\u2019immagine.<br \/>\nAnche gli eventi culturali terzi possono supportare Climathon attraverso affiliazioni all\u2019evento in linea con le tematiche trattate: essi potranno essere a ridosso e a seguire dell&#8217;evento stesso come la mostra di vernissage promossa da ArTime Gallery menzionata nel blog sopracitato http:\/\/sempreverdelatina.weebly.com\/climathon-blog-lt.<br \/>\nPer ogni informazione e manifestazione di interesse, scrivete a sempreverde.pronatura@gmail.com<\/p>\n","protected":false},"excerpt":{"rendered":"<p>LATINA &#8211; A quasi un mese da Climathon, la grande maratona culturale sul clima, il tessuto cittadino \u00e8 pienamente coinvolto nella sua preparazione. Le istituzioni, gli imprenditori, le associazioni e le universit\u00e0 si stanno organizzando. Da qualche giorno l\u2019evento di Latina \u00e8 ufficialmente sul portale internazionale di Climathon che \u00e8 visionabile al link https:\/\/climathon.climate-kic.org\/latina, al [&hellip;]<\/p>\n","protected":false},"author":60,"featured_media":0,"comment_status":"open","ping_status":"closed","sticky":false,"template":"","format":"standard","meta":{"footnotes":""},"categories":[12],"tags":[],"class_list":["post-182886","post","type-post","status-publish","format-standard","hentry","category-ambiente"],"_links":{"self":[{"href":"https:\/\/www.radioluna.it\/news\/wp-json\/wp\/v2\/posts\/182886","targetHints":{"allow":["GET"]}}],"collection":[{"href":"https:\/\/www.radioluna.it\/news\/wp-json\/wp\/v2\/posts"}],"about":[{"href":"https:\/\/www.radioluna.it\/news\/wp-json\/wp\/v2\/types\/post"}],"author":[{"embeddable":true,"href":"https:\/\/www.radioluna.it\/news\/wp-json\/wp\/v2\/users\/60"}],"replies":[{"embeddable":true,"href":"https:\/\/www.radioluna.it\/news\/wp-json\/wp\/v2\/comments?post=182886"}],"version-history":[{"count":0,"href":"https:\/\/www.radioluna.it\/news\/wp-json\/wp\/v2\/posts\/182886\/revisions"}],"wp:attachment":[{"href":"https:\/\/www.radioluna.it\/news\/wp-json\/wp\/v2\/media?parent=182886"}],"wp:term":[{"taxonomy":"category","embeddable":true,"href":"https:\/\/www.radioluna.it\/news\/wp-json\/wp\/v2\/categories?post=182886"},{"taxonomy":"post_tag","embeddable":true,"href":"https:\/\/www.radioluna.it\/news\/wp-json\/wp\/v2\/tags?post=182886"}],"curies":[{"name":"wp","href":"https:\/\/api.w.org\/{rel}","templated":true}]}}