{"id":183756,"date":"2016-10-14T15:11:39","date_gmt":"2016-10-14T13:11:39","guid":{"rendered":"http:\/\/www.radioluna.it\/news\/?p=183756"},"modified":"2017-12-26T19:16:48","modified_gmt":"2017-12-26T18:16:48","slug":"latina-su-rai-1-con-la-storia-di-daniele-come-in-un-film","status":"publish","type":"post","link":"https:\/\/www.radioluna.it\/news\/2016\/10\/latina-su-rai-1-con-la-storia-di-daniele-come-in-un-film\/","title":{"rendered":"Latina su Rai 1 con la storia di Daniele: &#8220;Come in un film&#8221;"},"content":{"rendered":"<div id=\"fb-root\"><\/div>\n<p style=\"text-align: justify;\"><strong><img loading=\"lazy\" decoding=\"async\" class=\"aligncenter size-full wp-image-183759\" src=\"http:\/\/www.radioluna.it\/news\/wp-content\/uploads\/2016\/10\/ANTONIETTA.jpg\" alt=\"antonietta\" width=\"482\" height=\"456\" srcset=\"https:\/\/www.radioluna.it\/news\/wp-content\/uploads\/2016\/10\/ANTONIETTA.jpg 482w, https:\/\/www.radioluna.it\/news\/wp-content\/uploads\/2016\/10\/ANTONIETTA-300x284.jpg 300w\" sizes=\"auto, (max-width: 482px) 100vw, 482px\" \/>LATINA<\/strong> &#8211; \u00a0La storia di Daniele \u00a0sar\u00e0 raccontata nel\u00a0talk \u201cS\u2019\u00e8 fatta notte\u201d condotto da Maurizio Costanzo su Rai 1. La puntata dal titolo \u201cCome in un film\u201d racconter\u00e0 del ragazzo di Latina morto per Aids all&#8217;et\u00e0 di 16 anni e in nome del quale la mamma Antonietta Parisi \u00e8 diventata volontaria a tempo pieno. La puntata andr\u00e0 in onda il prossimo 22 ottobre alle ore 23.35.<\/p>\n<p style=\"text-align: justify;\">Antonietta intanto prosegue la sua attivit\u00e0 benefica per comprare un&#8217;\u00a0OCT TAC, l&#8217;apparecchio \u00a0che legge le anomalie della retina, da donare al Reparto Oculistico dell\u2019Ospedale Santa Maria Goretti di Latina, diretto da \u00a0Massimiliano Sepe.\u00a0Stavolta sono stati due commercianti, Marco e Claudia Cassandra titolari di Paolino al Morbella ad offrire parte del ricavato di gioved\u00ec 20 ottobre (dalle 10 alle 22).<\/p>\n<p>Ne abbiamo parlato con Antonietta Parisi in Qui Latina su Radio Luna<\/p>\n<p>ASCOLTA<\/p>\n<audio class=\"wp-audio-shortcode\" id=\"audio-183756-1\" preload=\"none\" style=\"width: 100%;\" controls=\"controls\"><source type=\"audio\/mpeg\" src=\"http:\/\/www.radioluna.it\/news\/wp-content\/uploads\/2016\/10\/qui-latina-per-sito-2.mp3?_=1\" \/><a href=\"http:\/\/www.radioluna.it\/news\/wp-content\/uploads\/2016\/10\/qui-latina-per-sito-2.mp3\">http:\/\/www.radioluna.it\/news\/wp-content\/uploads\/2016\/10\/qui-latina-per-sito-2.mp3<\/a><\/audio>\n<div class=\"radio-posizionamento-telefono-in-articoli-dopo-il-contenuto-articolo radio-entity-placement\" id=\"radio-2476921873\"><div id=\"radio-1194054581\" style=\"width: 300px;height: 250px;\"><a href=\"https:\/\/www.icarspa.it\/auto\/usate\/latina\/\" aria-label=\"banner aprile icar new life &#8211; auto usate latina\"><img loading=\"lazy\" decoding=\"async\" src=\"https:\/\/www.radioluna.it\/news\/wp-content\/uploads\/2026\/02\/banner-aprile-icar-new-life-auto-usate-latina.gif\" alt=\"\"  width=\"300\" height=\"250\"   \/><\/a><\/div><\/div>","protected":false},"excerpt":{"rendered":"<p>LATINA &#8211; \u00a0La storia di Daniele \u00a0sar\u00e0 raccontata nel\u00a0talk \u201cS\u2019\u00e8 fatta notte\u201d condotto da Maurizio Costanzo su Rai 1. La puntata dal titolo \u201cCome in un film\u201d racconter\u00e0 del ragazzo di Latina morto per Aids all&#8217;et\u00e0 di 16 anni e in nome del quale la mamma Antonietta Parisi \u00e8 diventata volontaria a tempo pieno. La [&hellip;]<\/p>\n","protected":false},"author":62,"featured_media":183759,"comment_status":"open","ping_status":"closed","sticky":false,"template":"","format":"standard","meta":{"footnotes":""},"categories":[735,2310],"tags":[],"class_list":["post-183756","post","type-post","status-publish","format-standard","has-post-thumbnail","hentry","category-attualita","category-audio"],"_links":{"self":[{"href":"https:\/\/www.radioluna.it\/news\/wp-json\/wp\/v2\/posts\/183756","targetHints":{"allow":["GET"]}}],"collection":[{"href":"https:\/\/www.radioluna.it\/news\/wp-json\/wp\/v2\/posts"}],"about":[{"href":"https:\/\/www.radioluna.it\/news\/wp-json\/wp\/v2\/types\/post"}],"author":[{"embeddable":true,"href":"https:\/\/www.radioluna.it\/news\/wp-json\/wp\/v2\/users\/62"}],"replies":[{"embeddable":true,"href":"https:\/\/www.radioluna.it\/news\/wp-json\/wp\/v2\/comments?post=183756"}],"version-history":[{"count":0,"href":"https:\/\/www.radioluna.it\/news\/wp-json\/wp\/v2\/posts\/183756\/revisions"}],"wp:featuredmedia":[{"embeddable":true,"href":"https:\/\/www.radioluna.it\/news\/wp-json\/wp\/v2\/media\/183759"}],"wp:attachment":[{"href":"https:\/\/www.radioluna.it\/news\/wp-json\/wp\/v2\/media?parent=183756"}],"wp:term":[{"taxonomy":"category","embeddable":true,"href":"https:\/\/www.radioluna.it\/news\/wp-json\/wp\/v2\/categories?post=183756"},{"taxonomy":"post_tag","embeddable":true,"href":"https:\/\/www.radioluna.it\/news\/wp-json\/wp\/v2\/tags?post=183756"}],"curies":[{"name":"wp","href":"https:\/\/api.w.org\/{rel}","templated":true}]}}