{"id":183819,"date":"2016-10-17T09:00:34","date_gmt":"2016-10-17T07:00:34","guid":{"rendered":"http:\/\/www.radioluna.it\/news\/?p=183819"},"modified":"2016-10-17T09:00:34","modified_gmt":"2016-10-17T07:00:34","slug":"petizione-al-ministro-per-il-carroarmato-di-piana-delle-orme","status":"publish","type":"post","link":"https:\/\/www.radioluna.it\/news\/2016\/10\/petizione-al-ministro-per-il-carroarmato-di-piana-delle-orme\/","title":{"rendered":"Petizione al Ministro per il carroarmato di Piana delle Orme"},"content":{"rendered":"<div id=\"fb-root\"><\/div>\n<p style=\"text-align: justify;\"><strong><img loading=\"lazy\" decoding=\"async\" class=\"aligncenter size-full wp-image-183820\" src=\"http:\/\/www.radioluna.it\/news\/wp-content\/uploads\/2016\/10\/shermann.jpg\" alt=\"shermann\" width=\"650\" height=\"365\" srcset=\"https:\/\/www.radioluna.it\/news\/wp-content\/uploads\/2016\/10\/shermann.jpg 650w, https:\/\/www.radioluna.it\/news\/wp-content\/uploads\/2016\/10\/shermann-300x168.jpg 300w\" sizes=\"auto, (max-width: 650px) 100vw, 650px\" \/>LATINA<\/strong> &#8211;\u00a0E&#8217; partita da due giorni e ha superato rapidamente quota 1100 firme, <a href=\"https:\/\/www.change.org\/p\/on-dott-dario-franceschini-assegnazione-del-carro-armato-sherman-dd-al-museo-piana-delle-orme\">la petizione lanciata su Change.org <\/a>dal Museo di Piana delle Orme per chiedere che venga lasciato al complesso museale di Borgo Faiti \u00a0il carroarmnato Sherman DD che la sentenza\u00a0N\u00b0 9931\/2016 del Tribunale di Roma ha deciso debba tornare allo Stato e dunque con ogni probabilit\u00e0 al Museo della Guerra di Salerno, la citt\u00e0 dove fu ripescato a una profondit\u00e0 di 24 metri dopo 59 anni di oblio. \u00a0Fu l&#8217;inventore del Museo di Piana delle Orme, Mariano De Pasquale, a finanziare il recupero e ad investire (con il beneplacito della Sovrintendenza) e a investire poi una piccola fortuna per farlo restaurare con pezzi originali e con la consulenza dell&#8217;inglese Tank Museum. Ora lo Stato vuole indietro quel reperto bellico e il giudice ha stabilito che nulla \u00e8 dovuto al museo di Latina neanche a titolo di rimborso spese o risarcitorio.<\/p>\n<p style=\"text-align: justify;\">Con la petizione dunque si chiede al Ministro della Cultura Dario Franeschini che il pezzo venga comunque assegnato in esposizione al Museo di Borgo Faiti perch\u00e9 esso &#8220;ospita una delle pi\u00f9 grandi collezioni oggi esistenti di mezzi, attrezzi, manufatti, veicoli ed oggetti, civili e militari, di particolare interesse storico-culturale &#8230;e che il carro armato Sherman DD \u00e8 esposto all&#8217;interno del museo in una sezione a lui dedicata ed \u00e8 stato completamente restaurato. A causa della sua lunga permanenza in mare necessita di continui ed onerosi trattamenti. Il museo, quindi, \u00e8 in grado di assicurarne la custodia e la manutenzione ordinaria e straordinaria.\u00a0Il Museo Piana delle Orme \u00e8 la struttura pi\u00f9 idonea e competente in materia&#8221;.<br \/>\nNella petizione si legge anche un po&#8217; di storia\u00a0\u00a0e una verit\u00e0: &#8220;Oltre a questo museo, nessuno ha dimostrato interesse per il carro armato, nonostante la sua esistenza fosse pi\u00f9 che nota. Il\u00a0carro armato DD \u00e8 stato salvato dalla corrosione e dall&#8217;indifferenza solo grazie all\u2019opera e all\u2019impegno del museo Piana delle Orme, contando esclusivamente sulle proprie risorse&#8221;\u00a0a patrimonio culturale Italiano, i firmatari della presente petizione.<br \/>\nEcco perch\u00e9 al ministro\u00a0Dario Franceschini &#8220;si chiede che il Carro Armato Sherman DD venga assegnato\u00a0al Museo Piana delle Orme per continuare ad essere esposto nel contesto del museo stesso&#8221;.<\/p>\n<p>&nbsp;<\/p>\n","protected":false},"excerpt":{"rendered":"<p>LATINA &#8211;\u00a0E&#8217; partita da due giorni e ha superato rapidamente quota 1100 firme, la petizione lanciata su Change.org dal Museo di Piana delle Orme per chiedere che venga lasciato al complesso museale di Borgo Faiti \u00a0il carroarmnato Sherman DD che la sentenza\u00a0N\u00b0 9931\/2016 del Tribunale di Roma ha deciso debba tornare allo Stato e dunque [&hellip;]<\/p>\n","protected":false},"author":62,"featured_media":183820,"comment_status":"open","ping_status":"closed","sticky":false,"template":"","format":"standard","meta":{"footnotes":""},"categories":[735],"tags":[],"class_list":["post-183819","post","type-post","status-publish","format-standard","has-post-thumbnail","hentry","category-attualita"],"_links":{"self":[{"href":"https:\/\/www.radioluna.it\/news\/wp-json\/wp\/v2\/posts\/183819","targetHints":{"allow":["GET"]}}],"collection":[{"href":"https:\/\/www.radioluna.it\/news\/wp-json\/wp\/v2\/posts"}],"about":[{"href":"https:\/\/www.radioluna.it\/news\/wp-json\/wp\/v2\/types\/post"}],"author":[{"embeddable":true,"href":"https:\/\/www.radioluna.it\/news\/wp-json\/wp\/v2\/users\/62"}],"replies":[{"embeddable":true,"href":"https:\/\/www.radioluna.it\/news\/wp-json\/wp\/v2\/comments?post=183819"}],"version-history":[{"count":0,"href":"https:\/\/www.radioluna.it\/news\/wp-json\/wp\/v2\/posts\/183819\/revisions"}],"wp:featuredmedia":[{"embeddable":true,"href":"https:\/\/www.radioluna.it\/news\/wp-json\/wp\/v2\/media\/183820"}],"wp:attachment":[{"href":"https:\/\/www.radioluna.it\/news\/wp-json\/wp\/v2\/media?parent=183819"}],"wp:term":[{"taxonomy":"category","embeddable":true,"href":"https:\/\/www.radioluna.it\/news\/wp-json\/wp\/v2\/categories?post=183819"},{"taxonomy":"post_tag","embeddable":true,"href":"https:\/\/www.radioluna.it\/news\/wp-json\/wp\/v2\/tags?post=183819"}],"curies":[{"name":"wp","href":"https:\/\/api.w.org\/{rel}","templated":true}]}}