{"id":183896,"date":"2016-10-27T12:51:50","date_gmt":"2016-10-27T10:51:50","guid":{"rendered":"http:\/\/www.radioluna.it\/news\/?p=183896"},"modified":"2016-10-28T07:12:13","modified_gmt":"2016-10-28T05:12:13","slug":"gianmaurizio-foderaro-nella-giuria-di-sanremo-per-scegliere-i-giovani","status":"publish","type":"post","link":"https:\/\/www.radioluna.it\/news\/2016\/10\/gianmaurizio-foderaro-nella-giuria-di-sanremo-per-scegliere-i-giovani\/","title":{"rendered":"Gianmaurizio Foderaro nella giuria di Sanremo per scegliere i giovani"},"content":{"rendered":"<div id=\"fb-root\"><\/div>\n<p style=\"text-align: justify;\"><img loading=\"lazy\" decoding=\"async\" class=\"aligncenter size-thumbnail wp-image-183897\" src=\"http:\/\/www.radioluna.it\/news\/wp-content\/uploads\/2016\/10\/tv-sorrisi-e-canzoni-689x689.jpg\" alt=\"tv-sorrisi-e-canzoni\" width=\"689\" height=\"689\" srcset=\"https:\/\/www.radioluna.it\/news\/wp-content\/uploads\/2016\/10\/tv-sorrisi-e-canzoni-689x689.jpg 689w, https:\/\/www.radioluna.it\/news\/wp-content\/uploads\/2016\/10\/tv-sorrisi-e-canzoni-300x300.jpg 300w, https:\/\/www.radioluna.it\/news\/wp-content\/uploads\/2016\/10\/tv-sorrisi-e-canzoni-768x768.jpg 768w, https:\/\/www.radioluna.it\/news\/wp-content\/uploads\/2016\/10\/tv-sorrisi-e-canzoni-1024x1024.jpg 1024w, https:\/\/www.radioluna.it\/news\/wp-content\/uploads\/2016\/10\/tv-sorrisi-e-canzoni-50x50.jpg 50w, https:\/\/www.radioluna.it\/news\/wp-content\/uploads\/2016\/10\/tv-sorrisi-e-canzoni-800x800.jpg 800w, https:\/\/www.radioluna.it\/news\/wp-content\/uploads\/2016\/10\/tv-sorrisi-e-canzoni.jpg 1600w\" sizes=\"auto, (max-width: 689px) 100vw, 689px\" \/><strong>LATINA<\/strong> \u00a0&#8211; C&#8217;\u00e8 un po&#8217; di Latina al Festival di Sanremo (come ogni anno, del resto). Stavolta, per certo, nella giuria che sta selezionando i giovani talenti da far esibire sul palcoscenico dell&#8217;Ariston per la sfida canora pi\u00f9 longeva d&#8217;Italia (dal \u00a07 all&#8217;11 febbraio 2017), c&#8217;\u00e8 Gianmaurizio Foderaro. \u00a0Voce e personaggio di Radio Rai (ex conduttore e direttore artistico di Radio Luna), \u00e8 stato scelto dal neo direttore di rete Carlo Conti come esperto di musica. I nomi dei componenti della giuria sono stati resi noti oggi dal nuovo Tv Sorrisi e Canzoni.<\/p>\n<p style=\"text-align: justify;\">&#8220;Abbiamo ricevuto pi\u00f9 di seicento canzoni, davvero tantissime e non \u00e8 facile scegliere. La prima scrematura ci ha portato a selezionarne sessanta. Tanti sono bravi, le donne sono pi\u00f9 numerose e molti hanno voci davvero meritevoli, ma non basta. Con il materiale che abbiamo, siamo comunque certi di poter trovare veri artisti da proporre al pubblico&#8221;, assicura Foderaro.<\/p>\n<p style=\"text-align: justify;\">ASCOLTA<\/p>\n<audio class=\"wp-audio-shortcode\" id=\"audio-183896-1\" preload=\"none\" style=\"width: 100%;\" controls=\"controls\"><source type=\"audio\/mpeg\" src=\"http:\/\/www.radioluna.it\/news\/wp-content\/uploads\/2016\/10\/qui-latina-per-sito-3.mp3?_=1\" \/><a href=\"http:\/\/www.radioluna.it\/news\/wp-content\/uploads\/2016\/10\/qui-latina-per-sito-3.mp3\">http:\/\/www.radioluna.it\/news\/wp-content\/uploads\/2016\/10\/qui-latina-per-sito-3.mp3<\/a><\/audio>\n<p class=\"western\">\n","protected":false},"excerpt":{"rendered":"<p>LATINA \u00a0&#8211; C&#8217;\u00e8 un po&#8217; di Latina al Festival di Sanremo (come ogni anno, del resto). Stavolta, per certo, nella giuria che sta selezionando i giovani talenti da far esibire sul palcoscenico dell&#8217;Ariston per la sfida canora pi\u00f9 longeva d&#8217;Italia (dal \u00a07 all&#8217;11 febbraio 2017), c&#8217;\u00e8 Gianmaurizio Foderaro. \u00a0Voce e personaggio di Radio Rai (ex [&hellip;]<\/p>\n","protected":false},"author":62,"featured_media":184274,"comment_status":"open","ping_status":"closed","sticky":false,"template":"","format":"standard","meta":{"footnotes":""},"categories":[735,2310],"tags":[],"class_list":["post-183896","post","type-post","status-publish","format-standard","has-post-thumbnail","hentry","category-attualita","category-audio"],"_links":{"self":[{"href":"https:\/\/www.radioluna.it\/news\/wp-json\/wp\/v2\/posts\/183896","targetHints":{"allow":["GET"]}}],"collection":[{"href":"https:\/\/www.radioluna.it\/news\/wp-json\/wp\/v2\/posts"}],"about":[{"href":"https:\/\/www.radioluna.it\/news\/wp-json\/wp\/v2\/types\/post"}],"author":[{"embeddable":true,"href":"https:\/\/www.radioluna.it\/news\/wp-json\/wp\/v2\/users\/62"}],"replies":[{"embeddable":true,"href":"https:\/\/www.radioluna.it\/news\/wp-json\/wp\/v2\/comments?post=183896"}],"version-history":[{"count":0,"href":"https:\/\/www.radioluna.it\/news\/wp-json\/wp\/v2\/posts\/183896\/revisions"}],"wp:featuredmedia":[{"embeddable":true,"href":"https:\/\/www.radioluna.it\/news\/wp-json\/wp\/v2\/media\/184274"}],"wp:attachment":[{"href":"https:\/\/www.radioluna.it\/news\/wp-json\/wp\/v2\/media?parent=183896"}],"wp:term":[{"taxonomy":"category","embeddable":true,"href":"https:\/\/www.radioluna.it\/news\/wp-json\/wp\/v2\/categories?post=183896"},{"taxonomy":"post_tag","embeddable":true,"href":"https:\/\/www.radioluna.it\/news\/wp-json\/wp\/v2\/tags?post=183896"}],"curies":[{"name":"wp","href":"https:\/\/api.w.org\/{rel}","templated":true}]}}