{"id":184393,"date":"2016-10-31T10:37:50","date_gmt":"2016-10-31T09:37:50","guid":{"rendered":"http:\/\/www.radioluna.it\/news\/?p=184393"},"modified":"2016-10-31T10:37:50","modified_gmt":"2016-10-31T09:37:50","slug":"invasione-di-fitofagi-nel-parco-del-circeo-a-breve-un-tavolo-tecnico-operativo","status":"publish","type":"post","link":"https:\/\/www.radioluna.it\/news\/2016\/10\/invasione-di-fitofagi-nel-parco-del-circeo-a-breve-un-tavolo-tecnico-operativo\/","title":{"rendered":"Invasione di fitofagi nel Parco del Circeo, a breve un tavolo tecnico-operativo"},"content":{"rendered":"<div id=\"fb-root\"><\/div>\n<div id=\"attachment_161775\" style=\"width: 645px\" class=\"wp-caption aligncenter\"><img loading=\"lazy\" decoding=\"async\" aria-describedby=\"caption-attachment-161775\" class=\"wp-image-161775 size-thumbnail\" src=\"http:\/\/www.radioluna.it\/news\/wp-content\/uploads\/2015\/03\/la-foresta-del-Parco-nazionale-del-Circeo-elicottero-forestale-635x422.jpg\" alt=\"La foresta del Parco nazionale del Circeo (foto d'archivio - visuale dall'elicottero della Forestale)\" width=\"635\" height=\"422\" srcset=\"https:\/\/www.radioluna.it\/news\/wp-content\/uploads\/2015\/03\/la-foresta-del-Parco-nazionale-del-Circeo-elicottero-forestale-635x422.jpg 635w, https:\/\/www.radioluna.it\/news\/wp-content\/uploads\/2015\/03\/la-foresta-del-Parco-nazionale-del-Circeo-elicottero-forestale-768x510.jpg 768w, https:\/\/www.radioluna.it\/news\/wp-content\/uploads\/2015\/03\/la-foresta-del-Parco-nazionale-del-Circeo-elicottero-forestale-500x332.jpg 500w, https:\/\/www.radioluna.it\/news\/wp-content\/uploads\/2015\/03\/la-foresta-del-Parco-nazionale-del-Circeo-elicottero-forestale-600x400.jpg 600w, https:\/\/www.radioluna.it\/news\/wp-content\/uploads\/2015\/03\/la-foresta-del-Parco-nazionale-del-Circeo-elicottero-forestale-300x199.jpg 300w, https:\/\/www.radioluna.it\/news\/wp-content\/uploads\/2015\/03\/la-foresta-del-Parco-nazionale-del-Circeo-elicottero-forestale-800x532.jpg 800w, https:\/\/www.radioluna.it\/news\/wp-content\/uploads\/2015\/03\/la-foresta-del-Parco-nazionale-del-Circeo-elicottero-forestale.jpg 960w\" sizes=\"auto, (max-width: 635px) 100vw, 635px\" \/><p id=\"caption-attachment-161775\" class=\"wp-caption-text\">La foresta del Parco nazionale del Circeo (foto d&#8217;archivio &#8211; visuale dall&#8217;elicottero della Forestale)<\/p><\/div>\n<p style=\"text-align: justify;\"><strong>SABAUDIA<\/strong> &#8211; Dopo l&#8217;indagine preliminare sulla moria di piante nel Parco nazionale del Circeo, si insedier\u00e0 a met\u00e0 novembre un tavolo tecnico-operativo che avr\u00e0 il compito di attuare le misure possibili per contenere l&#8217;invasione di fitofagi che sta danneggiando la foresta demaniale e il promontorio del Circeo. Con effetti visibili ad occhio nudo.<\/p>\n<p style=\"text-align: justify;\">Lo studio realizzato \u00a0dal Cra di Firenze e dal Crea, grazie a prelievi effettuati \u00a0su piante di carrubo, quercia e cerro, ginepro, leccio, acero, liquidambar e magnolia ha consentito di verificare che sono diverse le specie (sia legnose che ornamentali) interessate a fenomeni di deperimento attribuibili a diversi insetti: lo Xylandrus compactus, per esempio, uno scolitide esotico introdotto in Italia di recente, oppure il confratello Xylandrus Classiusculus; o ancora esemplari della famiglia degli Hypoborini trovati sui larici; o l&#8217;imenottero Cinipide trovato sui ramoscelli apicali di querce, cerri e sugheri. I primi (Xylabndrus) coltivano all&#8217;interno della pianta \u00a0 &#8211; spiegano gli esperti &#8211; funghi patogeni di cui si nutrono le larve in via di sviluppo ed \u00e8 difficile prevedere gli effetti dannosi prodotti dalla combinazione dei fitofagi e dei funghi patogeni. \u00a0Proprio per verificare l&#8217;aggressivit\u00e0 e la diffusione \u00e8 stata prevista un&#8217;intensa e costante attivit\u00e0 di monitoraggio.<\/p>\n<p style=\"text-align: justify;\">&#8220;A questo punto &#8211; commenta il Direttore del Parco nazionale del Circeo, Paolo Cassola &#8211; completata l&#8217;acquisizione di tutti i pareri richiesti ai ricercatori della Universit\u00e0 della Tuscia, del Crea e del Servizio fitosanitario regionale, si svolger\u00e0 entro la met\u00e0 di novembre una riunione che permetter\u00e0 l&#8217;insediarsi di un tavolo tecnico operativo con la partecipazione anche del Corpo Forestale dello Stato.\u00a0Voglio esprimere un sentito ringraziamento agli assessorati regionali all&#8217;agricoltura e all&#8217;ambiente \u00a0che seguono da vicino l&#8217;evolversi della situazione e ai ricercatori coinvolti per la celerit\u00e0 e l&#8217;efficacia delle analisi prodotte che diventer\u00e0 indispensabile per decidere tutti assieme le modalit\u00e0 operative nel tentativo di contenere questo grave fenomeno.Continua il nostro appello con spirito collaborativo verso i privati &#8211; sottolinea il direttore del Parco &#8211; a segnalare innanzitutto a tecnici specializzati il manifestarsi di fenomeni simili a quello descritto dai ricercatori&#8221;.<\/p>\n<p>&nbsp;<\/p>\n","protected":false},"excerpt":{"rendered":"<p>SABAUDIA &#8211; Dopo l&#8217;indagine preliminare sulla moria di piante nel Parco nazionale del Circeo, si insedier\u00e0 a met\u00e0 novembre un tavolo tecnico-operativo che avr\u00e0 il compito di attuare le misure possibili per contenere l&#8217;invasione di fitofagi che sta danneggiando la foresta demaniale e il promontorio del Circeo. Con effetti visibili ad occhio nudo. Lo studio [&hellip;]<\/p>\n","protected":false},"author":62,"featured_media":161775,"comment_status":"open","ping_status":"closed","sticky":false,"template":"","format":"standard","meta":{"footnotes":""},"categories":[12],"tags":[],"class_list":["post-184393","post","type-post","status-publish","format-standard","has-post-thumbnail","hentry","category-ambiente"],"_links":{"self":[{"href":"https:\/\/www.radioluna.it\/news\/wp-json\/wp\/v2\/posts\/184393","targetHints":{"allow":["GET"]}}],"collection":[{"href":"https:\/\/www.radioluna.it\/news\/wp-json\/wp\/v2\/posts"}],"about":[{"href":"https:\/\/www.radioluna.it\/news\/wp-json\/wp\/v2\/types\/post"}],"author":[{"embeddable":true,"href":"https:\/\/www.radioluna.it\/news\/wp-json\/wp\/v2\/users\/62"}],"replies":[{"embeddable":true,"href":"https:\/\/www.radioluna.it\/news\/wp-json\/wp\/v2\/comments?post=184393"}],"version-history":[{"count":0,"href":"https:\/\/www.radioluna.it\/news\/wp-json\/wp\/v2\/posts\/184393\/revisions"}],"wp:featuredmedia":[{"embeddable":true,"href":"https:\/\/www.radioluna.it\/news\/wp-json\/wp\/v2\/media\/161775"}],"wp:attachment":[{"href":"https:\/\/www.radioluna.it\/news\/wp-json\/wp\/v2\/media?parent=184393"}],"wp:term":[{"taxonomy":"category","embeddable":true,"href":"https:\/\/www.radioluna.it\/news\/wp-json\/wp\/v2\/categories?post=184393"},{"taxonomy":"post_tag","embeddable":true,"href":"https:\/\/www.radioluna.it\/news\/wp-json\/wp\/v2\/tags?post=184393"}],"curies":[{"name":"wp","href":"https:\/\/api.w.org\/{rel}","templated":true}]}}