{"id":184408,"date":"2016-10-31T14:53:43","date_gmt":"2016-10-31T13:53:43","guid":{"rendered":"http:\/\/www.radioluna.it\/news\/?p=184408"},"modified":"2016-11-10T10:33:57","modified_gmt":"2016-11-10T09:33:57","slug":"impianto-di-smaltimento-fanghi-acqualatina-si-difende-besson-opera-virtuosa-abbattera-i-costi","status":"publish","type":"post","link":"https:\/\/www.radioluna.it\/news\/2016\/10\/impianto-di-smaltimento-fanghi-acqualatina-si-difende-besson-opera-virtuosa-abbattera-i-costi\/","title":{"rendered":"Impianto di smaltimento fanghi, Acqualatina si difende"},"content":{"rendered":"<div id=\"fb-root\"><\/div>\n<div id=\"attachment_150684\" style=\"width: 699px\" class=\"wp-caption aligncenter\"><img loading=\"lazy\" decoding=\"async\" aria-describedby=\"caption-attachment-150684\" class=\"wp-image-150684\" src=\"http:\/\/www.radioluna.it\/news\/wp-content\/uploads\/2014\/05\/besson-635x357.jpg\" alt=\"L'Ad di Acqualatina Raimondo Besson\" width=\"689\" height=\"388\" \/><p id=\"caption-attachment-150684\" class=\"wp-caption-text\">L&#8217;Ad di Acqualatina Raimondo Besson<\/p><\/div>\n<p style=\"text-align: justify;\"><strong>LATINA<\/strong> &#8211; Mentre \u00e8 in corso la procedura di Valutazione di impatto ambientale avviata dalla Regione Lazio per l\u2019impianto di smaltimento fanghi che Acqualatina vorrebbe realizzare al confine tra Sermoneta e Latina Scalo (per il quale ha indetto una gara pubblica da 40 milioni di euro per 15 anni), le polemiche e le preoccupazioni sorte intorno all&#8217;impianto hanno spinto oggi l&#8217;amministratore delegate della Spa dell&#8217;acqua a dire la sua. I timori generali riguardano ovviamente l&#8217;impatto ambientale e in particolare olfattivo dell&#8217;impianto destinato a lavorare i fanghi dei depuratori, ovvero quanto rimane dal filtraggio degli scarichi fognari.<\/p>\n<p style=\"text-align: justify;\">&#8220;Finora i fanghi prodotti \u00a0&#8211; spiega Besson \u00a0&#8211; sono stati smaltiti attraverso ditte esterne specializzate, con costi altissimi, tali da rappresentare una delle prime voci di costo del bilancio della Societ\u00e0&#8221;. L&#8217;impianto invece si legge nella nota di Acqualatina coster\u00e0 2 milioni di euro ma consentir\u00e0 un risparmio di oltre il 20% dei costi sostenuti finora. Magra consolazione per i residenti della zona se (come \u00e8 immaginabile) l&#8217;impianto produrr\u00e0 sgradevolissime puzze. Senza tenere conto delle abitazioni di campagna vicine al sito, in linea d&#8217;aria disterebbe solo 2 chilometri da Latina Scalo, e, a occhio, sarebbe un po&#8217; troppo vicino ad un gioiello come il Giardino di Ninfa.<br \/>\n\u201cTutte le opinioni sono ovviamente rispettabili \u2013 interviene Raimondo Besson \u2013 Ad di Acqualatina &#8211; come sono legittimi dubbi e preoccupazioni. La Societ\u00e0 ha lavorato per valutare ed individuare la soluzione a minore impatto ambientale, tanto che per la prima volta in questo territorio, i fanghi prodotti dalla depurazione andranno ad essere riutilizzati\u201d.<br \/>\nAcqualatina dovr\u00e0 ora produrre la documentazione richiesta dalla Regione, in sinergia con la ditta che realizzer\u00e0 l&#8217;impianto, aggiudicataria della gara d&#8217;appalto. Questi approfondimenti tecnici saranno utili anche per le osservazioni avanzate dalla Provincia di Latina che nutre dubbi.<\/p>\n<p style=\"text-align: justify;\">\u201cSi tratta di un\u2019operazione virtuosa e di grande rilievo &#8211; insiste Besson &#8211; \u00a0ed \u00e8 fisiologico e corretto che gli Enti a diverso titolo coinvolti avanzino le loro osservazioni e le relative richieste di verifica. L\u2019obiettivo comune, del resto, \u00e8 proprio quello della salvaguardia ambientale, e siamo ben lieti di procedere agli approfondimenti necessari per fugare ogni dubbio\u201d.<\/p>\n<p style=\"text-align: justify;\"><b>\u00a0<\/b><\/p>\n","protected":false},"excerpt":{"rendered":"<p>LATINA &#8211; Mentre \u00e8 in corso la procedura di Valutazione di impatto ambientale avviata dalla Regione Lazio per l\u2019impianto di smaltimento fanghi che Acqualatina vorrebbe realizzare al confine tra Sermoneta e Latina Scalo (per il quale ha indetto una gara pubblica da 40 milioni di euro per 15 anni), le polemiche e le preoccupazioni sorte [&hellip;]<\/p>\n","protected":false},"author":62,"featured_media":0,"comment_status":"open","ping_status":"closed","sticky":false,"template":"","format":"standard","meta":{"footnotes":""},"categories":[12],"tags":[],"class_list":["post-184408","post","type-post","status-publish","format-standard","hentry","category-ambiente"],"_links":{"self":[{"href":"https:\/\/www.radioluna.it\/news\/wp-json\/wp\/v2\/posts\/184408","targetHints":{"allow":["GET"]}}],"collection":[{"href":"https:\/\/www.radioluna.it\/news\/wp-json\/wp\/v2\/posts"}],"about":[{"href":"https:\/\/www.radioluna.it\/news\/wp-json\/wp\/v2\/types\/post"}],"author":[{"embeddable":true,"href":"https:\/\/www.radioluna.it\/news\/wp-json\/wp\/v2\/users\/62"}],"replies":[{"embeddable":true,"href":"https:\/\/www.radioluna.it\/news\/wp-json\/wp\/v2\/comments?post=184408"}],"version-history":[{"count":0,"href":"https:\/\/www.radioluna.it\/news\/wp-json\/wp\/v2\/posts\/184408\/revisions"}],"wp:attachment":[{"href":"https:\/\/www.radioluna.it\/news\/wp-json\/wp\/v2\/media?parent=184408"}],"wp:term":[{"taxonomy":"category","embeddable":true,"href":"https:\/\/www.radioluna.it\/news\/wp-json\/wp\/v2\/categories?post=184408"},{"taxonomy":"post_tag","embeddable":true,"href":"https:\/\/www.radioluna.it\/news\/wp-json\/wp\/v2\/tags?post=184408"}],"curies":[{"name":"wp","href":"https:\/\/api.w.org\/{rel}","templated":true}]}}