{"id":187478,"date":"2017-01-10T19:08:23","date_gmt":"2017-01-10T18:08:23","guid":{"rendered":"http:\/\/www.radioluna.it\/news\/?p=187478"},"modified":"2017-01-11T07:06:32","modified_gmt":"2017-01-11T06:06:32","slug":"cure-a-stranieri-irregolari-e-migranti-parte-la-collaborazione-tra-asl-ed-emergency","status":"publish","type":"post","link":"https:\/\/www.radioluna.it\/news\/2017\/01\/cure-a-stranieri-irregolari-e-migranti-parte-la-collaborazione-tra-asl-ed-emergency\/","title":{"rendered":"Cure a stranieri irregolari e migranti, parte la collaborazione tra Asl ed Emergency"},"content":{"rendered":"<div id=\"fb-root\"><\/div>\n<div id=\"attachment_187479\" style=\"width: 564px\" class=\"wp-caption aligncenter\"><img loading=\"lazy\" decoding=\"async\" aria-describedby=\"caption-attachment-187479\" class=\"size-full wp-image-187479\" src=\"http:\/\/www.radioluna.it\/news\/wp-content\/uploads\/2017\/01\/ambulatorio-mobile.jpg\" alt=\"\" width=\"554\" height=\"354\" srcset=\"https:\/\/www.radioluna.it\/news\/wp-content\/uploads\/2017\/01\/ambulatorio-mobile.jpg 554w, https:\/\/www.radioluna.it\/news\/wp-content\/uploads\/2017\/01\/ambulatorio-mobile-300x192.jpg 300w\" sizes=\"auto, (max-width: 554px) 100vw, 554px\" \/><p id=\"caption-attachment-187479\" class=\"wp-caption-text\">Un ambulatorio mobile di Emergency<\/p><\/div>\n<p style=\"text-align: justify;\"><strong>LATINA<\/strong> &#8211; Prestare assistenza sanitaria &#8220;su misura&#8221; alla popolazione migrante innalzando il livello di controllo. Con questo scopo la \u00a0Asl di Latina ha stretto un accordo con Emergency \u00a0che consentir\u00e0 di coinvolgere gli stranieri irregolari presenti \u00a0in provincia di Latina &#8220;nei luoghi in cui vivono, offrendo &#8211; spiega l&#8217;Azienda sanitaria &#8211; \u00a0servizi medici e infermieristici e, soprattutto, quel servizio di mediazione culturale che dovr\u00e0 favorire la progressiva integrazione della popolazione straniera nei \u00a0programmi di tutela e cura della salute&#8221;.<\/p>\n<p style=\"text-align: justify;\">IL PERCORSO &#8211; Il protocollo, coordinato dalla dottoressa Giuseppina Carreca, che da anni si occupa di questi temi e pi\u00f9 in generale dell&#8217;organizzazione del servizio agli stranieri, \u00a0prevede percorsi predefiniti: dopo una prima visita nell\u2019ambulatorio mobile di Emergency, i pazienti che necessitano di approfondimenti specialistici o strumentali vengono inviati nelle strutture Asl. I farmaci essenziali e urgenti vengono forniti ai pazienti direttamente dalla farmacia aziendale e grazie al protocollo vengono facilitati anche gli iter burocratici.<br \/>\n&#8220;Con questo intervento \u00a0&#8211; spiegano ancora dalla Asl &#8211; s\u2019intende raggiungere quelle fasce di popolazione migrante pi\u00f9 fragili, che normalmente non accedono ai servizi, e comunque le fasce pi\u00f9 deboli della popolazione&#8221;. E&#8217; il caso dei migranti cosiddetti economici, che vivono principalmente nella zona di Borgo Hermada a Terracina, o a Bella Farnia tra Latina e Sabaudia, lontani dai servizi sanitari.<\/p>\n<p style=\"text-align: justify;\"><strong>I PROBLEMI SANITARI POSTI DAI MIGRANTI E LA PREVENZIONE<\/strong> \u00a0&#8211; La necessit\u00e0 di attivare la collaborazione con Emergency mira a risolvere una molteplicit\u00e0 di problemi: &#8220;Alcuni di questi sono legati alla necessit\u00e0 di affrontare patologie rare o eradicate nella popolazione italiana, ma diffuse o endemiche nei Paesi di provenienza. Altri problemi, invece, sono di carattere culturale e, in prevalenza, legati al rapporto tra queste popolazioni e il sistema sanitario determinati, oltre che dalle inevitabili barriere linguistiche, anche dal concetto di \u201cstato di malattia\u201d e dall\u2019approccio al ricorso ai servizi sanitari da parte di persone che, nei Paesi di provenienza, non sempre hanno avuto l\u2019opportunit\u00e0 di essere seguiti da medici o infermieri&#8221;.<br \/>\nIl protocollo con Emergency segue altre esperienze messe in campo dalla ASL che gi\u00e0 dal 2005 ha attivato sul territorio cinque ambulatori (oggi non pi\u00f9 sufficienti) per gli stranieri non in regola con il permesso di soggiorno, ad Aprilia, Latina, Pontinia, Sabaudia e Terracina. Oggi, inoltre, serve un passo in pi\u00f9 sotto il profilo della sorveglianza e della prevenzione.<br \/>\n<strong>DUE UNITA&#8217; OPERATIVE DEDICATE<\/strong> &#8211; Con il nuovo Atto Aziendale, sono state create anche due unit\u00e0 operative dedicate. La prima nell\u2019ambito del Dipartimento di Prevenzione denominata \u201cProfilassi e sorveglianza delle Malattie Infettive\u201d e la seconda inserita nel costituendo Dipartimento di Assistenza Primaria e denominata \u201cPopolazione Migrante e Mobilit\u00e0 Sanitaria\u201d.<\/p>\n<p style=\"text-align: justify;\"><strong>DOVE E QUANDO<\/strong>: L&#8217;ambulatorio mobile di Emergency sar\u00e0 attivo a Latina, Bella Farnia, Borgo Hermada e Fondi secondo il calendario seguente:<\/p>\n<p style=\"text-align: justify;\"><img loading=\"lazy\" decoding=\"async\" class=\"aligncenter size-thumbnail wp-image-187480\" src=\"http:\/\/www.radioluna.it\/news\/wp-content\/uploads\/2017\/01\/calendario-689x278.jpg\" alt=\"\" width=\"689\" height=\"278\" srcset=\"https:\/\/www.radioluna.it\/news\/wp-content\/uploads\/2017\/01\/calendario-689x278.jpg 689w, https:\/\/www.radioluna.it\/news\/wp-content\/uploads\/2017\/01\/calendario-300x121.jpg 300w, https:\/\/www.radioluna.it\/news\/wp-content\/uploads\/2017\/01\/calendario-768x310.jpg 768w, https:\/\/www.radioluna.it\/news\/wp-content\/uploads\/2017\/01\/calendario-800x323.jpg 800w, https:\/\/www.radioluna.it\/news\/wp-content\/uploads\/2017\/01\/calendario.jpg 1014w\" sizes=\"auto, (max-width: 689px) 100vw, 689px\" \/><\/p>\n","protected":false},"excerpt":{"rendered":"<p>LATINA &#8211; Prestare assistenza sanitaria &#8220;su misura&#8221; alla popolazione migrante innalzando il livello di controllo. Con questo scopo la \u00a0Asl di Latina ha stretto un accordo con Emergency \u00a0che consentir\u00e0 di coinvolgere gli stranieri irregolari presenti \u00a0in provincia di Latina &#8220;nei luoghi in cui vivono, offrendo &#8211; spiega l&#8217;Azienda sanitaria &#8211; \u00a0servizi medici e infermieristici [&hellip;]<\/p>\n","protected":false},"author":62,"featured_media":187487,"comment_status":"open","ping_status":"closed","sticky":false,"template":"","format":"standard","meta":{"footnotes":""},"categories":[7],"tags":[],"class_list":["post-187478","post","type-post","status-publish","format-standard","has-post-thumbnail","hentry","category-cronaca"],"_links":{"self":[{"href":"https:\/\/www.radioluna.it\/news\/wp-json\/wp\/v2\/posts\/187478","targetHints":{"allow":["GET"]}}],"collection":[{"href":"https:\/\/www.radioluna.it\/news\/wp-json\/wp\/v2\/posts"}],"about":[{"href":"https:\/\/www.radioluna.it\/news\/wp-json\/wp\/v2\/types\/post"}],"author":[{"embeddable":true,"href":"https:\/\/www.radioluna.it\/news\/wp-json\/wp\/v2\/users\/62"}],"replies":[{"embeddable":true,"href":"https:\/\/www.radioluna.it\/news\/wp-json\/wp\/v2\/comments?post=187478"}],"version-history":[{"count":0,"href":"https:\/\/www.radioluna.it\/news\/wp-json\/wp\/v2\/posts\/187478\/revisions"}],"wp:featuredmedia":[{"embeddable":true,"href":"https:\/\/www.radioluna.it\/news\/wp-json\/wp\/v2\/media\/187487"}],"wp:attachment":[{"href":"https:\/\/www.radioluna.it\/news\/wp-json\/wp\/v2\/media?parent=187478"}],"wp:term":[{"taxonomy":"category","embeddable":true,"href":"https:\/\/www.radioluna.it\/news\/wp-json\/wp\/v2\/categories?post=187478"},{"taxonomy":"post_tag","embeddable":true,"href":"https:\/\/www.radioluna.it\/news\/wp-json\/wp\/v2\/tags?post=187478"}],"curies":[{"name":"wp","href":"https:\/\/api.w.org\/{rel}","templated":true}]}}